{"id":4310,"date":"2021-05-17T16:47:23","date_gmt":"2021-05-17T16:47:23","guid":{"rendered":"https:\/\/www.cvsjq.ch\/?p=4310"},"modified":"2021-05-17T16:51:20","modified_gmt":"2021-05-17T16:51:20","slug":"edition-2021-en-mode-legerement-reduite-mais-ouverte-aux-petits-ensembles","status":"publish","type":"post","link":"https:\/\/www.cvsjq.ch\/index.php\/2021\/05\/17\/edition-2021-en-mode-legerement-reduite-mais-ouverte-aux-petits-ensembles\/","title":{"rendered":"Edition 2021 en mode l\u00e9g\u00e8rement r\u00e9duite, mais ouverte aux petits ensembles!"},"content":{"rendered":"\n<p><strong>Le Championnat valaisan des solistes (CVSJQ) revient le 4 d\u00e9cembre, apr\u00e8s avoir d\u00fb d\u00e9clarer forfait en 2020. Vu la situation sanitaire incertaine et l\u2019impossibilit\u00e9 d\u2019utiliser le Coll\u00e8ge des Creusets en r\u00e9novation, les qualifications se feront sous forme virtuelle et le Championnat se tiendra \u00e0 Gr\u00f4ne. Nouveaut\u00e9: il sera ouvert aux petits ensembles de trois \u00e0 huit musiciens.<\/strong><\/p>\n\n\n\n<!--more-->\n\n\n\n<p>Apr\u00e8s l\u2019interruption l\u2019an pass\u00e9 li\u00e9e au Covid-19, la 26<sup>e<\/sup>&nbsp;\u00e9dition du Championnat valaisan des solistes juniors et quatuors d\u2019instruments de cuivre (CVSJQ) aura lieu le samedi 4 d\u00e9cembre prochain \u00e0 la salle Recto-Verso \u00e0 Gr\u00f4ne. Les incertitudes dues au Covid-19 et les importants travaux de r\u00e9novation en cours au Coll\u00e8ge des Creusets de Sion, ont conduit \u00e0 organiser les qualifications du matin sous forme d\u2019enregistrement vid\u00e9o pr\u00e9alable. Les inscriptions sont ouvertes jusqu\u2019au mardi 15 juin 2021.<\/p>\n\n\n\n<p><strong>Un nouveau calendrier<\/strong><\/p>\n\n\n\n<p>Comme toujours le concours de solistes est r\u00e9serv\u00e9 aux jeunes \u00e2g\u00e9s de 10 \u00e0 20 ans. Pour se qualifier pour le Championnat, les participants devront envoyer une vid\u00e9o de 3\u201930\u2019\u2019 de leur solo, sans piano, jusqu\u2019au jeudi 11 novembre 2021. Dix jours plus tard, le lundi 22 novembre, les qualifi\u00e9s seront annonc\u00e9s et pourront ainsi se pr\u00e9parer pour le Championnat des solistes juniors et cadets en pr\u00e9sentiel le 4 d\u00e9cembre \u00e0 Gr\u00f4ne. A la salle Recto-Verso, ils pourront, \u00e0 leur libre choix, jouer avec ou sans accompagnement de piano. Les d\u00e9tails concernant l\u2019enregistrement seront communiqu\u00e9s prochainement.<\/p>\n\n\n\n<p>Le samedi soir se tiendront, toujours en pr\u00e9sentiel, la finale des minimes, puis la Grande Finale des juniors, suivies de la proclamation des r\u00e9sultats. La pr\u00e9sence du public d\u00e9pendra des restrictions sanitaires du moment. Pour arbitrer ces comp\u00e9titions, le jury sera compos\u00e9 exclusivement de personnalit\u00e9s musicales ext\u00e9rieures au Valais.<\/p>\n\n\n\n<p><strong>Nouveaut\u00e9: un concours de petits ensembles<\/strong><\/p>\n\n\n\n<p>Pendant la pand\u00e9mie, nombre de fanfares ont continu\u00e9 leur activit\u00e9 musicale en formant de petits ensembles. Pour valoriser ce travail, le CVSJQ a d\u00e9cid\u00e9 de cr\u00e9er un nouveau concours ouvert aux petits ensembles d\u2019instruments de cuivre form\u00e9s de trois \u00e0 huit musiciens, sans limite d\u2019\u00e2ge. L\u2019instrumentation est libre, mais ne peut comporter que des cuivres (cornet, trompette, bugle, alto, cor d\u2019harmonie, baryton, euphonium, trombone ou basse).<\/p>\n\n\n\n<p>Les formations choisissent librement la ou les pi\u00e8ces ex\u00e9cut\u00e9es. La dur\u00e9e de la prestation ne doit toutefois pas \u00eatre inf\u00e9rieure \u00e0 3 minutes et ne pas d\u00e9passer 8 minutes. Le concours pour les quatuors de brass traditionnels (deux cornets si\u266d, un alto et un euphonium) est maintenu en parall\u00e8le, avec une seule cat\u00e9gorie et une pi\u00e8ce impos\u00e9e, \u00abDivertimento\u00bb de Fritz Voegelin. Comme les qualifications, ces deux concours se feront \u00e9galement par vid\u00e9o. Mais les vainqueurs des cat\u00e9gories quatuors et petits ensembles se produiront aussi en pr\u00e9sentiel \u00e0 l&rsquo;occasion des finales.<\/p>\n\n\n\n<p><strong>Gr\u00e2ce \u00e0 200 b\u00e9n\u00e9voles<\/strong><\/p>\n\n\n\n<p>Quelque 200 b\u00e9n\u00e9voles collaborent pour assurer la r\u00e9ussite de la manifestation qui est organis\u00e9e depuis 1995 par la Pers\u00e9v\u00e9rante de Plan-Conthey, la Marcelline de Gr\u00f4ne et la Concordia de V\u00e9troz. Le CVSJQ b\u00e9n\u00e9ficie du soutien de la Loterie Romande, de la Raiffeisen, d\u2019Oiken, de l\u2019Etat du Valais et de l\u2019Association cantonale des musiques valaisannes. Au niveau des prix sp\u00e9ciaux, celui du \u00abNouvelliste\u00bb distingue le plus jeune participant \u00e0 la Grande Finale.<\/p>\n","protected":false},"excerpt":{"rendered":"<p>Le Championnat valaisan des solistes (CVSJQ) revient le 4 d\u00e9cembre, apr\u00e8s avoir d\u00fb d\u00e9clarer forfait en 2020. Vu la situation sanitaire incertaine et l\u2019impossibilit\u00e9 d\u2019utiliser le Coll\u00e8ge des Creusets en r\u00e9novation, les qualifications se feront sous forme virtuelle et le Championnat se tiendra \u00e0 Gr\u00f4ne. Nouveaut\u00e9: il sera ouvert aux petits ensembles de trois \u00e0 [&hellip;]<\/p>\n","protected":false},"author":1,"featured_media":4312,"comment_status":"closed","ping_status":"closed","sticky":false,"template":"","format":"standard","meta":{"footnotes":""},"categories":[1],"tags":[],"class_list":["post-4310","post","type-post","status-publish","format-standard","has-post-thumbnail","hentry","category-uncategorized"],"_links":{"self":[{"href":"https:\/\/www.cvsjq.ch\/index.php\/wp-json\/wp\/v2\/posts\/4310","targetHints":{"allow":["GET"]}}],"collection":[{"href":"https:\/\/www.cvsjq.ch\/index.php\/wp-json\/wp\/v2\/posts"}],"about":[{"href":"https:\/\/www.cvsjq.ch\/index.php\/wp-json\/wp\/v2\/types\/post"}],"author":[{"embeddable":true,"href":"https:\/\/www.cvsjq.ch\/index.php\/wp-json\/wp\/v2\/users\/1"}],"replies":[{"embeddable":true,"href":"https:\/\/www.cvsjq.ch\/index.php\/wp-json\/wp\/v2\/comments?post=4310"}],"version-history":[{"count":0,"href":"https:\/\/www.cvsjq.ch\/index.php\/wp-json\/wp\/v2\/posts\/4310\/revisions"}],"wp:featuredmedia":[{"embeddable":true,"href":"https:\/\/www.cvsjq.ch\/index.php\/wp-json\/wp\/v2\/media\/4312"}],"wp:attachment":[{"href":"https:\/\/www.cvsjq.ch\/index.php\/wp-json\/wp\/v2\/media?parent=4310"}],"wp:term":[{"taxonomy":"category","embeddable":true,"href":"https:\/\/www.cvsjq.ch\/index.php\/wp-json\/wp\/v2\/categories?post=4310"},{"taxonomy":"post_tag","embeddable":true,"href":"https:\/\/www.cvsjq.ch\/index.php\/wp-json\/wp\/v2\/tags?post=4310"}],"curies":[{"name":"wp","href":"https:\/\/api.w.org\/{rel}","templated":true}]}}