{"id":4358,"date":"2021-11-16T09:19:31","date_gmt":"2021-11-16T09:19:31","guid":{"rendered":"https:\/\/www.cvsjq.ch\/?p=4358"},"modified":"2021-11-16T09:28:26","modified_gmt":"2021-11-16T09:28:26","slug":"qui-succedera-a-cedric-ritler","status":"publish","type":"post","link":"https:\/\/www.cvsjq.ch\/index.php\/2021\/11\/16\/qui-succedera-a-cedric-ritler\/","title":{"rendered":"Qui succ\u00e9dera \u00e0 Cedric Ritler?"},"content":{"rendered":"\n<p><strong>Apr\u00e8s une ann\u00e9e en virtuel, le Championnat valaisan des solistes revient en grande partie en pr\u00e9sentiel. Avec une participation remarquable: plus de 380 instrumentistes, dont une vingtaine de quatuors et de petits ensembles, aspirent \u00e0 pouvoir jouer en public samedi 4 d\u00e9cembre \u00e0 Gr\u00f4ne. &nbsp;<\/strong><\/p>\n\n\n\n<!--more-->\n\n\n\n<p>Malgr\u00e9 le choc de la pand\u00e9mie, les jeunes cuivres valaisans restent passionn\u00e9s. Plus de 300 solistes vont envoyer une vid\u00e9o pour tenter de figurer parmi les 80 qualifi\u00e9s (40 cornets et 40 gros instruments) qui joueront en public au cours de l\u2019apr\u00e8s-midi du 4 d\u00e9cembre prochain. Tous aspireront \u00e0 figurer parmi les huit finalistes qui chercheront, dans la salle Recto-Verso de Gr\u00f4ne, \u00e0 succ\u00e9der au champion en titre Cedric Ritler. Comme souvent, les cadets (de 13 \u00e0 16 ans) seront les plus nombreux (114), face \u00e0 96 juniors (de 17 \u00e0 20 ans) et 94 minimes (de 10 \u00e0 12 ans).<\/p>\n\n\n\n<figure class=\"wp-block-image size-large\"><img loading=\"lazy\" decoding=\"async\" width=\"1024\" height=\"683\" src=\"https:\/\/cvsjq.ch\/wp-content\/uploads\/2021\/05\/cvsjq19-Minimes-classes-Theo-Morelli-Nathan-Kuhni-Stevane-Sarlandie-Orianne-Moren-Aurelie-Detienne-Victoria-Rose-Duc-Robin-Python-DSC09494-1024x683.jpg\" alt=\"\" class=\"wp-image-4313\" srcset=\"https:\/\/www.cvsjq.ch\/wp-content\/uploads\/2021\/05\/cvsjq19-Minimes-classes-Theo-Morelli-Nathan-Kuhni-Stevane-Sarlandie-Orianne-Moren-Aurelie-Detienne-Victoria-Rose-Duc-Robin-Python-DSC09494-1024x683.jpg 1024w, https:\/\/www.cvsjq.ch\/wp-content\/uploads\/2021\/05\/cvsjq19-Minimes-classes-Theo-Morelli-Nathan-Kuhni-Stevane-Sarlandie-Orianne-Moren-Aurelie-Detienne-Victoria-Rose-Duc-Robin-Python-DSC09494-300x200.jpg 300w, https:\/\/www.cvsjq.ch\/wp-content\/uploads\/2021\/05\/cvsjq19-Minimes-classes-Theo-Morelli-Nathan-Kuhni-Stevane-Sarlandie-Orianne-Moren-Aurelie-Detienne-Victoria-Rose-Duc-Robin-Python-DSC09494-768x512.jpg 768w, https:\/\/www.cvsjq.ch\/wp-content\/uploads\/2021\/05\/cvsjq19-Minimes-classes-Theo-Morelli-Nathan-Kuhni-Stevane-Sarlandie-Orianne-Moren-Aurelie-Detienne-Victoria-Rose-Duc-Robin-Python-DSC09494-1536x1024.jpg 1536w, https:\/\/www.cvsjq.ch\/wp-content\/uploads\/2021\/05\/cvsjq19-Minimes-classes-Theo-Morelli-Nathan-Kuhni-Stevane-Sarlandie-Orianne-Moren-Aurelie-Detienne-Victoria-Rose-Duc-Robin-Python-DSC09494-2048x1365.jpg 2048w\" sizes=\"auto, (max-width: 1024px) 100vw, 1024px\" \/><figcaption>Les minimes seront aussi \u00e0 nouveau de la partie. Ici les finalistes de l\u2019\u00e9dition 2019.<\/figcaption><\/figure>\n\n\n\n<p><strong>Un d\u00e9roulement un peu chamboul\u00e9<\/strong><\/p>\n\n\n\n<p>Les cons\u00e9quences du Covid-19 se font encore sentir puisque les habituelles qualifications du matin sont remplac\u00e9es par des interpr\u00e9tations en vid\u00e9o. Les experts ne recevront toutefois que le son et d\u00e9signeront les 80 jeunes dont les noms seront annonc\u00e9s le 24 novembre prochain. Ces solistes qualifi\u00e9s pourront se mesurer en pr\u00e9sentiel le samedi apr\u00e8s-midi d\u00e8s 13 heures \u00e0 Gr\u00f4ne.<\/p>\n\n\n\n<p>Les minimes apprendront le m\u00eame 24 novembre qui figurera parmi les sept finalistes invit\u00e9s \u00e0 se pr\u00e9senter en d\u00e9but de la soir\u00e9e \u00e0 la salle Recto-Verso. En effet, la fin du Championnat valaisan des solistes et des quatuors (CVSJQ) retrouvera le rythme des ann\u00e9es \u00abnormales\u00bb. A 20 heures, les huit meilleurs musiciennes et musiciens s\u2019affronteront pour d\u00e9signer qui sera champion valaisan 2021, Nouveaut\u00e9 toutefois, ils auront \u00e9t\u00e9 pr\u00e9c\u00e9d\u00e9s, \u00e0 18h30, par la prestation du meilleur quatuor et du meilleur petit ensemble de cuivres.<\/p>\n\n\n\n<p><strong>L\u2019\u00e9galit\u00e9 est presque parfaite<\/strong><\/p>\n\n\n\n<p>Le doubl\u00e9 sign\u00e9 par Cedric Ritler en 2018 et 2019 n\u2019a pas (encore) boost\u00e9 la participation haut-valaisanne: ils ne seront que 20 (6,6%) face \u00e0 168 jeunes du Valais central (55,1%) et 116 du Bas-Valais (38,1%). C\u2019est une commune de cette derni\u00e8re r\u00e9gion, Orsi\u00e8res, qui envoie la plus forte d\u00e9l\u00e9gation, compos\u00e9e de 25 solistes. Suivent Sion (21, dont la moiti\u00e9 de Bramois), Crans-Montana et V\u00e9troz (18). Un quart des concurrents viennent ainsi de ces quatre communes!<\/p>\n\n\n\n<p>En revanche, entre jeunes filles et jeunes gens, la parit\u00e9 est pratiquement parfaite: 145 concurrentes f\u00e9minines (47.7%) face \u00e0 159 homologues masculins (52.3%). Logiquement, les cornets sont en force parmi les minimes (60%). Mais avec l\u2019\u00e2ge, les instruments sont mieux r\u00e9partis: les cornets ne repr\u00e9sentent plus que la moiti\u00e9 des concurrents en junior. A relever le courage de Joey Th\u00e9taz, de l\u2019Echo d&rsquo;Orny d\u2019Orsi\u00e8res, qui \u2013 du haut de ses onze ans et demi \u2013 se pr\u00e9sente \u00e0 la basse en minime!<\/p>\n\n\n\n<p><strong>La pand\u00e9mie booste les petits ensembles<\/strong><\/p>\n\n\n\n<p>Pour cette 26<sup>e<\/sup> \u00e9dition, le CVSJQ s\u2019ouvre aussi aux petits ensembles de cuivres de trois \u00e0 huit musiciens. Ces nouvelles formations font un tabac avec dix inscrits. Tout comme les quatuors \u00abclassiques\u00bb (deux cornets, un alto et un euphonium) qui interpr\u00e9teront le \u00abDivertimento\u00bb de Fritz Voegelin comme morceau impos\u00e9 et qui sont neuf en lice. Certainement un effet \u2013 pour une fois positif \u2013 du confinement et des limitations impos\u00e9es par la pand\u00e9mie.<\/p>\n\n\n\n<p>Comme les habituelles qualifications du matin ont \u00e9t\u00e9 remplac\u00e9es par une s\u00e9lection sur la base des enregistrements, les 80 solistes retenus (r\u00e9partis \u00e9galement entre les 119 petits et 91 gros instruments) joueront donc l\u2019apr\u00e8s-midi (d\u00e8s 13h00) dans le cadre du Championnat valaisan o\u00f9 les experts fonctionnent en tandem.<\/p>\n\n\n\n<p><strong>Des soutiens importants<\/strong><\/p>\n\n\n\n<p>Le succ\u00e8s de ce 26<sup>e<\/sup> CVSJQ r\u00e9compense aussi la g\u00e9n\u00e9rosit\u00e9 des sponsors principaux, la Loterie Romande, Raiffeisen, Oiken, l\u2019Etat du Valais et l\u2019Association cantonale des musiques valaisannes. Au niveau des prix sp\u00e9ciaux, celui du \u00abNouvelliste\u00bb distingue le plus jeune participant \u00e0 la Grande Finale.<\/p>\n\n\n\n<p>Plus d\u2019une centaine de b\u00e9n\u00e9voles collaborent pour assurer la r\u00e9ussite de la manifestation qui est organis\u00e9e par la Pers\u00e9v\u00e9rante de Plan-Conthey, la Marcelline de Gr\u00f4ne et la Concordia de V\u00e9troz. Les \u00e9ditions pr\u00e9c\u00e9dentes avaient chaque fois attir\u00e9 plus de 1200 de personnes pour suivre ces joutes de haute qualit\u00e9 musicale.<\/p>\n\n\n\n<hr class=\"wp-block-separator\"\/>\n\n\n\n<p><strong>Un programme concentr\u00e9 sur l\u2019apr\u00e8s-midi et sur la soir\u00e9e<\/strong><\/p>\n\n\n\n<p>10h30&nbsp;&nbsp;&nbsp; Ouverture des portes et contr\u00f4le du pass sanitaire (avec pi\u00e8ce d\u2019identit\u00e9)<\/p>\n\n\n\n<p>10h45&nbsp;&nbsp;&nbsp; Les solistes s\u2019annoncent au stand d\u2019information<\/p>\n\n\n\n<p>12h15&nbsp;&nbsp;&nbsp; Affichage des six premiers concurrents<\/p>\n\n\n\n<p>12h30&nbsp;&nbsp;&nbsp; Affichage de l\u2019ordre de passage des solistes<\/p>\n\n\n\n<p>13h00&nbsp;&nbsp;&nbsp; D\u00e9but du Championnat valaisan des solistes juniors<\/p>\n\n\n\n<p>18h00&nbsp;&nbsp;&nbsp; Fin du Championnat<\/p>\n\n\n\n<p>18h30&nbsp;&nbsp;&nbsp; Productions du quatuor vainqueur et de l\u2019ensemble vainqueur<\/p>\n\n\n\n<p>19h00&nbsp;&nbsp;&nbsp; Finale des minimes (7 finalistes)<\/p>\n\n\n\n<p>20h00&nbsp;&nbsp;&nbsp; Finale des juniors (8 finalistes)<\/p>\n\n\n\n<p>21h15&nbsp;&nbsp;&nbsp; Proclamation des r\u00e9sultats et remise des prix<\/p>\n","protected":false},"excerpt":{"rendered":"<p>Apr\u00e8s une ann\u00e9e en virtuel, le Championnat valaisan des solistes revient en grande partie en pr\u00e9sentiel. Avec une participation remarquable: plus de 380 instrumentistes, dont une vingtaine de quatuors et de petits ensembles, aspirent \u00e0 pouvoir jouer en public samedi 4 d\u00e9cembre \u00e0 Gr\u00f4ne. &nbsp;<\/p>\n","protected":false},"author":1,"featured_media":3658,"comment_status":"closed","ping_status":"closed","sticky":false,"template":"","format":"standard","meta":{"footnotes":""},"categories":[1],"tags":[],"class_list":["post-4358","post","type-post","status-publish","format-standard","has-post-thumbnail","hentry","category-uncategorized"],"_links":{"self":[{"href":"https:\/\/www.cvsjq.ch\/index.php\/wp-json\/wp\/v2\/posts\/4358","targetHints":{"allow":["GET"]}}],"collection":[{"href":"https:\/\/www.cvsjq.ch\/index.php\/wp-json\/wp\/v2\/posts"}],"about":[{"href":"https:\/\/www.cvsjq.ch\/index.php\/wp-json\/wp\/v2\/types\/post"}],"author":[{"embeddable":true,"href":"https:\/\/www.cvsjq.ch\/index.php\/wp-json\/wp\/v2\/users\/1"}],"replies":[{"embeddable":true,"href":"https:\/\/www.cvsjq.ch\/index.php\/wp-json\/wp\/v2\/comments?post=4358"}],"version-history":[{"count":3,"href":"https:\/\/www.cvsjq.ch\/index.php\/wp-json\/wp\/v2\/posts\/4358\/revisions"}],"predecessor-version":[{"id":4364,"href":"https:\/\/www.cvsjq.ch\/index.php\/wp-json\/wp\/v2\/posts\/4358\/revisions\/4364"}],"wp:featuredmedia":[{"embeddable":true,"href":"https:\/\/www.cvsjq.ch\/index.php\/wp-json\/wp\/v2\/media\/3658"}],"wp:attachment":[{"href":"https:\/\/www.cvsjq.ch\/index.php\/wp-json\/wp\/v2\/media?parent=4358"}],"wp:term":[{"taxonomy":"category","embeddable":true,"href":"https:\/\/www.cvsjq.ch\/index.php\/wp-json\/wp\/v2\/categories?post=4358"},{"taxonomy":"post_tag","embeddable":true,"href":"https:\/\/www.cvsjq.ch\/index.php\/wp-json\/wp\/v2\/tags?post=4358"}],"curies":[{"name":"wp","href":"https:\/\/api.w.org\/{rel}","templated":true}]}}