{"id":4379,"date":"2021-11-29T06:45:40","date_gmt":"2021-11-29T06:45:40","guid":{"rendered":"https:\/\/www.cvsjq.ch\/?p=4379"},"modified":"2021-11-29T06:53:39","modified_gmt":"2021-11-29T06:53:39","slug":"le-role-crucial-des-profs-de-musique-et-le-triomphe-des-compositeurs-valaisans","status":"publish","type":"post","link":"https:\/\/www.cvsjq.ch\/index.php\/2021\/11\/29\/le-role-crucial-des-profs-de-musique-et-le-triomphe-des-compositeurs-valaisans\/","title":{"rendered":"Le r\u00f4le crucial des profs de musique et le triomphe des compositeurs valaisans"},"content":{"rendered":"\n<p><strong>Qui succ\u00e9dera \u00e0 Cedric Ritler, le premier vainqueur haut-valaisan du Championnat des solistes? Plus de 300 solistes postulent pour ce titre si convoit\u00e9. R\u00e9ponse: samedi 4 d\u00e9cembre prochain \u00e0 la salle Recto-Verso \u00e0 Gr\u00f4ne. Symbole de l\u2019impact de la formation: dix professeurs envoient la moiti\u00e9 des concurrents et trois compositeurs ont \u00e9crit la moiti\u00e9 des solos jou\u00e9s. Cons\u00e9quence de la pand\u00e9mie: neuf quatuors et dix ensembles seront en lice. Un record! &nbsp;<\/strong><\/p>\n\n\n\n<!--more-->\n\n\n\n<p>La pand\u00e9mie n\u2019a pas affect\u00e9 la passion pour les cuivres en Valais: 304 jeunes musiciennes et musiciens se sont inscrits pour la 26<sup>e<\/sup>&nbsp;\u00e9dition du Championnat valaisan des solistes (CVSJQ). Suite aux qualifications effectu\u00e9es virtuellement par l\u2019audition des vid\u00e9os des concurrents, ils seront 80 \u2013 40 petits instruments et autant de gros instruments \u2013 samedi apr\u00e8s-midi \u00e0 13 heures pour d\u00e9crocher un titre et se qualifier pour la Grande Finale du soir.<\/p>\n\n\n\n<p><strong>L\u2019impact des professeurs de musique<\/strong><\/p>\n\n\n\n<p>La vitalit\u00e9 des fanfares, harmonies et brass bands du canton tient beaucoup au travail acharn\u00e9 des professeurs de musique qui ont su entretenir la flamme musicale pendant les longs mois de confinement impos\u00e9s par la crise sanitaire du Covid-19. Ces personnes de l\u2019ombre jouent de toute \u00e9vidence un r\u00f4le essentiel.<\/p>\n\n\n\n<p>A preuve: lors de cette 26<sup>e<\/sup>\u00a0\u00e9dition du CVSJQ, dix professeurs envoient, \u00e0 eux seuls, exactement la moiti\u00e9 des concurrents. Largement en t\u00eate, le directeur orsi\u00e9rain C\u00e9dric Jacquemettaz (23 candidats) qui pr\u00e9c\u00e8de Olivier Verg\u00e8res et Christian Pfammatter (17 concurrents). A noter que ce dernier, qui a aussi \u00e9t\u00e9 pendant dix ans pr\u00e9sident de la petite commune de Guttet-Feschel, forme la presque totalit\u00e9 des vingt participants haut-valaisans au concours! Suivent dans l\u2019ordre Christophe Jeanbourquin, Yvan Lagger et Bertrand\u00a0Moren (15 solistes), son p\u00e8re G\u00e9o-Pierre et Fran\u00e7ois Roh (13 candidats). Viennent enfin Lionel Fumeaux (12 musiciens) et Eddy Debons (11).<\/p>\n\n\n\n<p><strong>A trois, ils ont compos\u00e9 la moiti\u00e9 des solos interpr\u00e9t\u00e9s<\/strong><\/p>\n\n\n\n<p>C\u2019est d\u00e9sormais un fait \u00e9tabli: le Championnat valaisan des solistes est aussi la chasse gard\u00e9e des compositeurs valaisans. Nombre de nouveaux solos ont \u00e9t\u00e9 compos\u00e9s express\u00e9ment pour cette comp\u00e9tition. Parmi ces cr\u00e9ateurs, trois se d\u00e9tachent nettement et figurent sur le podium des cr\u00e9ateurs les plus jou\u00e9s.<\/p>\n\n\n\n<p>Eddy Debons a \u00e9t\u00e9 choisi 72 fois et Bertrand Moren \u00e0 46 reprises. A la troisi\u00e8me place, Gilles Rocha a vu ses \u0153uvres s\u00e9lectionn\u00e9es par 22 solistes. Soit 140 interpr\u00e9tations pour des solos estampill\u00e9s des treize \u00e9toiles pour ce seul trio de compositeurs. Remarquable!<\/p>\n\n\n\n<p><strong>Un d\u00e9roulement un peu chamboul\u00e9<\/strong><\/p>\n\n\n\n<p>Si la passion reste, les cons\u00e9quences du Covid-19 se font en revanche sentir au niveau du d\u00e9roulement de la comp\u00e9tition puisque les habituelles qualifications du matin ont \u00e9t\u00e9 remplac\u00e9es par des interpr\u00e9tations en vid\u00e9o.&nbsp;Les 80 solistes retenus (r\u00e9partis \u00e9galement entre les 119 petits et 91 gros instruments) joueront l\u2019apr\u00e8s-midi d\u00e8s 13 heures dans le cadre du Championnat valaisan o\u00f9 les experts fonctionnent en tandem.<\/p>\n\n\n\n<p>A 19 heures, les sept meilleurs minimes se pr\u00e9senteront devant le public de la salle Recto-Verso. Car la fin du Championnat valaisan des solistes et des quatuors (CVSJQ) retrouvera le rythme des ann\u00e9es \u00abnormales\u00bb. A 20 heures, les huit meilleurs musiciennes et musiciens s\u2019affronteront pour d\u00e9signer qui sera champion valaisan 2021, Nouveaut\u00e9 toutefois, ils auront \u00e9t\u00e9 pr\u00e9c\u00e9d\u00e9s, \u00e0 18h30, par la prestation du meilleur quatuor et du meilleur petit ensemble de cuivres.<\/p>\n\n\n\n<p>Pour d\u00e9partager tous ces concurrents, six experts seront \u00e0 l\u2019\u0153uvre. Deux viennent de l\u2019\u00e9tranger: le directeur fran\u00e7ais Florent Didier et le soliste international austro-italien Lito Fontana. Ils seront \u00e9paul\u00e9s par quatre jur\u00e9s helv\u00e9tiques: Dominique Morel, Jos\u00e9 Niquille, Laurent Carrel et Roman Caprez.<\/p>\n\n\n\n<p><strong>Des soutiens importants<\/strong><\/p>\n\n\n\n<p>Le succ\u00e8s de ce 26<sup>e<\/sup>&nbsp;CVSJQ r\u00e9compense aussi la g\u00e9n\u00e9rosit\u00e9 des sponsors principaux, la Loterie Romande, Raiffeisen, Oiken, l\u2019Etat du Valais et l\u2019Association cantonale des musiques valaisannes. Au niveau des prix sp\u00e9ciaux, celui du \u00abNouvelliste\u00bb distingue le plus jeune participant \u00e0 la Grande Finale.<\/p>\n\n\n\n<p>Plus d\u2019une centaine de b\u00e9n\u00e9voles collaborent pour assurer la r\u00e9ussite de la manifestation qui est organis\u00e9e par la Pers\u00e9v\u00e9rante de Plan-Conthey, la Marcelline de Gr\u00f4ne et la Concordia de V\u00e9troz. Les \u00e9ditions pr\u00e9c\u00e9dentes avaient chaque fois attir\u00e9 plus de 1200 de personnes pour suivre ces joutes de haute qualit\u00e9 musicale.<\/p>\n\n\n\n<hr class=\"wp-block-separator\"\/>\n\n\n\n<p><strong>Un programme concentr\u00e9 sur l\u2019apr\u00e8s-midi et la soir\u00e9e<\/strong><\/p>\n\n\n\n<p>10h30&nbsp;&nbsp;&nbsp; Ouverture des portes et contr\u00f4le du pass sanitaire (avec pi\u00e8ce d\u2019identit\u00e9)<\/p>\n\n\n\n<p>10h45&nbsp;&nbsp;&nbsp; Les solistes s\u2019annoncent au stand d\u2019information<\/p>\n\n\n\n<p>12h15&nbsp;&nbsp;&nbsp; Affichage des six premiers concurrents<\/p>\n\n\n\n<p>12h30&nbsp;&nbsp;&nbsp; Affichage de l\u2019ordre de passage des solistes<\/p>\n\n\n\n<p>13h00&nbsp;&nbsp;&nbsp; D\u00e9but du Championnat valaisan des solistes juniors<\/p>\n\n\n\n<p>18h00&nbsp;&nbsp;&nbsp; Fin du Championnat<\/p>\n\n\n\n<p>18h30&nbsp;&nbsp;&nbsp; Productions du quatuor vainqueur et de l\u2019ensemble vainqueur<\/p>\n\n\n\n<p>19h00&nbsp;&nbsp;&nbsp; Finale des minimes (7 finalistes)<\/p>\n\n\n\n<p>20h00&nbsp;&nbsp;&nbsp; Finale des juniors (8 finalistes)<\/p>\n\n\n\n<p>21h15&nbsp;&nbsp;&nbsp; Proclamation des r\u00e9sultats et remise des prix<\/p>\n\n\n\n<p><\/p>\n","protected":false},"excerpt":{"rendered":"<p>Qui succ\u00e9dera \u00e0 Cedric Ritler, le premier vainqueur haut-valaisan du Championnat des solistes? Plus de 300 solistes postulent pour ce titre si convoit\u00e9. R\u00e9ponse: samedi 4 d\u00e9cembre prochain \u00e0 la salle Recto-Verso \u00e0 Gr\u00f4ne. Symbole de l\u2019impact de la formation: dix professeurs envoient la moiti\u00e9 des concurrents et trois compositeurs ont \u00e9crit la moiti\u00e9 des [&hellip;]<\/p>\n","protected":false},"author":1,"featured_media":4313,"comment_status":"closed","ping_status":"closed","sticky":false,"template":"","format":"standard","meta":{"footnotes":""},"categories":[1],"tags":[],"class_list":["post-4379","post","type-post","status-publish","format-standard","has-post-thumbnail","hentry","category-uncategorized"],"_links":{"self":[{"href":"https:\/\/www.cvsjq.ch\/index.php\/wp-json\/wp\/v2\/posts\/4379","targetHints":{"allow":["GET"]}}],"collection":[{"href":"https:\/\/www.cvsjq.ch\/index.php\/wp-json\/wp\/v2\/posts"}],"about":[{"href":"https:\/\/www.cvsjq.ch\/index.php\/wp-json\/wp\/v2\/types\/post"}],"author":[{"embeddable":true,"href":"https:\/\/www.cvsjq.ch\/index.php\/wp-json\/wp\/v2\/users\/1"}],"replies":[{"embeddable":true,"href":"https:\/\/www.cvsjq.ch\/index.php\/wp-json\/wp\/v2\/comments?post=4379"}],"version-history":[{"count":3,"href":"https:\/\/www.cvsjq.ch\/index.php\/wp-json\/wp\/v2\/posts\/4379\/revisions"}],"predecessor-version":[{"id":4385,"href":"https:\/\/www.cvsjq.ch\/index.php\/wp-json\/wp\/v2\/posts\/4379\/revisions\/4385"}],"wp:featuredmedia":[{"embeddable":true,"href":"https:\/\/www.cvsjq.ch\/index.php\/wp-json\/wp\/v2\/media\/4313"}],"wp:attachment":[{"href":"https:\/\/www.cvsjq.ch\/index.php\/wp-json\/wp\/v2\/media?parent=4379"}],"wp:term":[{"taxonomy":"category","embeddable":true,"href":"https:\/\/www.cvsjq.ch\/index.php\/wp-json\/wp\/v2\/categories?post=4379"},{"taxonomy":"post_tag","embeddable":true,"href":"https:\/\/www.cvsjq.ch\/index.php\/wp-json\/wp\/v2\/tags?post=4379"}],"curies":[{"name":"wp","href":"https:\/\/api.w.org\/{rel}","templated":true}]}}