{"id":4411,"date":"2021-12-05T13:56:21","date_gmt":"2021-12-05T13:56:21","guid":{"rendered":"https:\/\/www.cvsjq.ch\/?p=4411"},"modified":"2021-12-05T13:57:24","modified_gmt":"2021-12-05T13:57:24","slug":"conthey-soffre-tout-le-podium-au-feminin","status":"publish","type":"post","link":"https:\/\/www.cvsjq.ch\/index.php\/2021\/12\/05\/conthey-soffre-tout-le-podium-au-feminin\/","title":{"rendered":"Conthey s\u2019offre tout le podium au f\u00e9minin"},"content":{"rendered":"\n<p><strong>Du jamais vu au Championnat valaisan des solistes: sur le podium, que des instrumentistes qui jouent dans des soci\u00e9t\u00e9s de musique de Conthey. Et seulement des jeunes filles. En t\u00eate, Oriane Br\u00fcckel qui a sign\u00e9 une superbe prestation avec une nouvelle composition \u00abEastern Dreams\u00bb de Bertrand Moren.<\/strong><\/p>\n\n\n\n<!--more-->\n\n\n\n<p>Lors de ce 26<sup>e<\/sup> Championnat valaisan de solistes juniors et de quatuors (CVSJQ), ce samedi 4 d\u00e9cembre, les salles Recto-Verso et Giorla \u00e0 Gr\u00f4ne ont vibr\u00e9 aux sons de 80 instrumentistes qui avaient pass\u00e9 le cap des qualifications virtuelles face \u00e0 plus de 300 concurrents. La Grande Finale a bien s\u00fbr repr\u00e9sent\u00e9 le clou artistique de la manifestation et un feu d&rsquo;artifice de virtuosit\u00e9.<\/p>\n\n\n\n<p>Comme l\u2019ont relev\u00e9 les membres du jury, la grande finale a, une fois de plus \u00e9t\u00e9 de tr\u00e8s haut niveau. M\u00eame si les pointages sont serr\u00e9s, la victoire d\u2019Oriane Br\u00fcckel (Lyre de Conthey) ne souffre d\u2019aucune discussion. Elle pr\u00e9c\u00e8de deux autres musiciennes contheysannes: Emma Roh, baryton, et Margot Sauthier, cornet, qui jouent toutes deux \u00e0 la Contheysanne d\u2019Aven et au Brass Band (BB) Valaisia. Laur\u00e9ate du prix \u00abNouvelliste\u00bb de la plus jeune finaliste, Lea Fugnanesi (4<sup>e<\/sup>, Gemmi de Lo\u00e8che-les-Bains, Oberwalliser BB) est la meilleure Haut-Valaisanne.<\/p>\n\n\n\n<p><strong>\u00abUn concours unique au monde\u00bb<\/strong><\/p>\n\n\n\n<p>A l\u2019issue de la finale, les deux experts \u00e9trangers n\u2019ont pas tari d\u2019\u00e9loges sur le niveau des jeunes musiciens valaisans. \u00abLeur engagement est ph\u00e9nom\u00e9nal, tout comme leur volont\u00e9 de proposer le meilleur: tous d\u00e9fendent leur travail. Et cela se ressent\u00bb, a indiqu\u00e9 Florent Didier, directeur du Brass Band Paris et pr\u00e9sident du jury. \u00abEn plus, leur r\u00e9pertoire de solos est impressionnant. Et tous l\u2019interpr\u00e8tent avec passion, en amateurs, au sens le plus fort: qui aiment la musique\u00bb, a-t-il ajout\u00e9. &nbsp;<\/p>\n\n\n\n<p>Tromboniste de r\u00e9putation internationale, Lito Fontana s\u2019est dit subjugu\u00e9 par la qualit\u00e9 des prestations:&nbsp;\u00abLe niveau est \u00e0 la fois incroyable et impressionnant.\u00bb Et le soliste austro-italien d\u2019ajouter: \u00abTous ces solistes ont jou\u00e9 des pi\u00e8ces extr\u00eamement exigeantes, avec aussi de tr\u00e8s belles m\u00e9lodies, sign\u00e9es par des compositeurs du cru!\u00bb<\/p>\n\n\n\n<p><strong>La vague f\u00e9minine<\/strong><\/p>\n\n\n\n<p>Cette ann\u00e9e, 304 solistes s&rsquo;\u00e9taient inscrits pour se mesurer dans le nouveau cadre des salles Recto-Verso et Giorla \u00e0 Gr\u00f4ne pour l\u2019une des plus grandes comp\u00e9titions musicales de Suisse. Parmi cette foule de concurrents, l\u2019\u00e9quilibre \u00e9tait presque parfait entre les 145 filles et les 159 gar\u00e7ons (52,3%). Lors de la premi\u00e8re \u00e9dition, en 1995, les filles ne repr\u00e9sentaient \u00abque\u00bb 30% des concurrents. Dans l\u2019intervalle, la participation globale a plus que doubl\u00e9 et les jeunes filles ont pratiquement combl\u00e9 leur retard.<\/p>\n\n\n\n<p>Mieux: cette ann\u00e9e, les jeunes filles ont pris l\u2019ascendant dans les finales. En juniors, les jeunes filles ont monopolis\u00e9 cinq places sur les huit disponibles. En minimes, un seul gar\u00e7on a essay\u00e9 de r\u00e9sister \u00e0 la d\u00e9ferlante f\u00e9minine. Dans cette cat\u00e9gorie des 10-13 ans, L\u00e9a Boulnoix (Lyre de Conthey, cornet) l\u2019emporte devant Emilie de Luca (Concordia de Bagnes, cornet) et Enya Zenklusen (Belalp de Naters, alto).<\/p>\n\n\n\n<p><strong>Oriane Br\u00fcckel doublonne aussi au cornet<\/strong><\/p>\n\n\n\n<div class=\"wp-block-image\"><figure class=\"alignright size-medium\"><img loading=\"lazy\" decoding=\"async\" width=\"300\" height=\"200\" src=\"https:\/\/cvsjq.ch\/wp-content\/uploads\/2021\/12\/CVSJQ21-Boulnoix-Lea-Champ-Minimes-DSC01525-300x200.jpg\" alt=\"\" class=\"wp-image-4414\" srcset=\"https:\/\/www.cvsjq.ch\/wp-content\/uploads\/2021\/12\/CVSJQ21-Boulnoix-Lea-Champ-Minimes-DSC01525-300x200.jpg 300w, https:\/\/www.cvsjq.ch\/wp-content\/uploads\/2021\/12\/CVSJQ21-Boulnoix-Lea-Champ-Minimes-DSC01525-1024x683.jpg 1024w, https:\/\/www.cvsjq.ch\/wp-content\/uploads\/2021\/12\/CVSJQ21-Boulnoix-Lea-Champ-Minimes-DSC01525-768x512.jpg 768w, https:\/\/www.cvsjq.ch\/wp-content\/uploads\/2021\/12\/CVSJQ21-Boulnoix-Lea-Champ-Minimes-DSC01525-1536x1024.jpg 1536w, https:\/\/www.cvsjq.ch\/wp-content\/uploads\/2021\/12\/CVSJQ21-Boulnoix-Lea-Champ-Minimes-DSC01525-2048x1365.jpg 2048w\" sizes=\"auto, (max-width: 300px) 100vw, 300px\" \/><figcaption>L\u00e9a Boulnoix, championne valaisanne 2021 des minimes (10-13 ans).<\/figcaption><\/figure><\/div>\n\n\n\n<p>Outre les finales, le CVSJQ d\u00e9cerne un titre pour chacune des cinq cat\u00e9gories en lice. En cadets (14-16 ans), les champions s\u2019appellent Lana Berger (Collongienne de Collonges) et Julie Pralong (Echo de la Dent blanche des Haud\u00e8res, BB 13*) chez les cornets, bugles et trompettes, Th\u00e9o Frossard (Union instrumentale de Liddes) chez les altos, et Baptiste Bobillier (Echo d\u2019Orny d\u2019Orsi\u00e8res, Ambitus) chez les trombones. Charlotte Gaillard (Pers\u00e9v\u00e9rance de Leytron, Concordia de Saxon et BBJV) r\u00e9alise le doubl\u00e9 apr\u00e8s 2019 chez les barytons et euphoniums. Le titre des basses n\u2019a pas \u00e9t\u00e9 attribu\u00e9.<\/p>\n\n\n\n<p>En juniors (17-20 ans), Oriane Br\u00fcckel r\u00e9ussit aussi le doubl\u00e9 \u00e0 l\u2019instrument, dans la cat\u00e9gorie des cornets, bugles et trompettes. Les autres victoires vont \u00e0 S\u00e9bastien Gaspoz (Echo des Glaciers de Vex et BB 13*) chez les altos, \u00e0 Tiago Gon\u00e7alves (C\u00e9cilia de Chermignon) chez les basses, \u00e0 Emma Roh (Contheysanne d\u2019Aven et BB Valaisia) chez les euphoniums\/barytons et \u00e0 Robin Fellay (Agaunoise de St-Maurice) chez les trombones.<\/p>\n\n\n\n<figure class=\"wp-block-image size-large is-style-default\"><img loading=\"lazy\" decoding=\"async\" width=\"1024\" height=\"683\" src=\"https:\/\/cvsjq.ch\/wp-content\/uploads\/2021\/12\/CVSJQ21-Bruckel-Oriane-Champion-VS2021-DSC01575-1024x683.jpg\" alt=\"\" class=\"wp-image-4415\" srcset=\"https:\/\/www.cvsjq.ch\/wp-content\/uploads\/2021\/12\/CVSJQ21-Bruckel-Oriane-Champion-VS2021-DSC01575-1024x683.jpg 1024w, https:\/\/www.cvsjq.ch\/wp-content\/uploads\/2021\/12\/CVSJQ21-Bruckel-Oriane-Champion-VS2021-DSC01575-300x200.jpg 300w, https:\/\/www.cvsjq.ch\/wp-content\/uploads\/2021\/12\/CVSJQ21-Bruckel-Oriane-Champion-VS2021-DSC01575-768x512.jpg 768w, https:\/\/www.cvsjq.ch\/wp-content\/uploads\/2021\/12\/CVSJQ21-Bruckel-Oriane-Champion-VS2021-DSC01575-1536x1024.jpg 1536w, https:\/\/www.cvsjq.ch\/wp-content\/uploads\/2021\/12\/CVSJQ21-Bruckel-Oriane-Champion-VS2021-DSC01575-2048x1365.jpg 2048w\" sizes=\"auto, (max-width: 1024px) 100vw, 1024px\" \/><figcaption>Oriane Br\u00fcckel, championne valaisanne 2021 toutes cat\u00e9gories.<\/figcaption><\/figure>\n\n\n\n<p>Pour juger tous ces concurrents, les organisateurs avaient fait appel \u00e0 six experts qui, par souci d\u2019impartialit\u00e9, viennent tous de l\u2019ext\u00e9rieur du canton. Cette ann\u00e9e, les deux juges \u00e9trangers \u00e9taient le directeur fran\u00e7ais Florent Didier et le tromboniste austro-italien Lito Fontana. Ils \u00e9taient accompagn\u00e9s par quatre jur\u00e9s suisses: Laurent Carrel (FR), Roman Caprez (GR), Dominique Moren (FR) et Jos\u00e9 Niquille (FR).<\/p>\n\n\n\n<p><strong>Une chance sur trois de se qualifier<\/strong><\/p>\n\n\n\n<p>En cette p\u00e9riode de Covid-19, les \u00e9liminatoires, qui d\u2019ordinaire se d\u00e9roulent le matin, se sont tenues de fa\u00e7on virtuelle. En revanche, le programme de l&rsquo;apr\u00e8s-midi a retrouv\u00e9 son ordonnance habituelle avec le championnat proprement dit, avec une salles pour les petits instruments et une autre pour les gros instruments. Nouveaut\u00e9: le quatuor et le petit ensemble de cuivres victorieux ont jou\u00e9 en pr\u00e9lude aux finales des minimes et des juniors qui ont anim\u00e9 la soir\u00e9e dans la salle Recto-Verso.<\/p>\n\n\n\n<p>A noter que les qualifications restent un obstacle toujours tr\u00e8s difficile \u00e0 franchir. En effet, seuls 80 solistes (r\u00e9partis \u00e9galement entre les 119 petits et 91 gros instruments) ont eu le droit de jouer l\u2019apr\u00e8s-midi (d\u00e8s 13h00) dans le cadre du Championnat valaisan o\u00f9 les experts fonctionnent en tandem. Soit, grosso modo, une chance de qualification sur trois! Et ensuite, une sur dix pour acc\u00e9der \u00e0 la Grande Finale!<\/p>\n\n\n\n<div class=\"wp-block-buttons is-layout-flex wp-block-buttons-is-layout-flex\">\n<div class=\"wp-block-button\"><a class=\"wp-block-button__link\" href=\"https:\/\/cvsjq.ch\/wp-content\/uploads\/2021\/12\/CVSJQ_2021_Results.pdf\" target=\"_blank\" rel=\"noreferrer noopener\"> <em>R\u00e9sultats et classements complets<\/em><\/a><\/div>\n<\/div>\n\n\n\n<hr class=\"wp-block-separator\"\/>\n\n\n\n<p><strong>Championnat des quatuors et des petits ensembles<\/strong><\/p>\n\n\n\n<p><strong>Un quatuor de tubas s\u2019impose<\/strong><\/p>\n\n\n\n<p>Ouvert pour la premi\u00e8re fois aux petits ensembles de cuivres (de 3 \u00e0 8 musiciens), le concours a vu la victoire du Tuba Quartet de V\u00e9troz (Fabien D\u00e9caillet et Nicolas Rey, euphoniums, Lucie Verg\u00e8re et Philippe Rapalli, basses mib). Avec 94 points ils s\u2019imposent largement devant le Liberty Quartet de Salins (Karine Boson, cornet, Emilie Lagger, bugle, Guillaume Stalder, alto, Jean-Marie Stalder, euphonium; 89 points) et le quatuor Leytron 2 (Am\u00e9lie Emery et Louise Gaillard, cornets, Ayla Buchard, alto, Arnaud Buchard, basse mib; 86).<\/p>\n\n\n\n<figure class=\"wp-block-image size-large\"><img loading=\"lazy\" decoding=\"async\" width=\"1024\" height=\"683\" src=\"https:\/\/cvsjq.ch\/wp-content\/uploads\/2021\/12\/CVSJQ21-Ensembles-TUBA-DSC01503-1024x683.jpg\" alt=\"\" class=\"wp-image-4416\" srcset=\"https:\/\/www.cvsjq.ch\/wp-content\/uploads\/2021\/12\/CVSJQ21-Ensembles-TUBA-DSC01503-1024x683.jpg 1024w, https:\/\/www.cvsjq.ch\/wp-content\/uploads\/2021\/12\/CVSJQ21-Ensembles-TUBA-DSC01503-300x200.jpg 300w, https:\/\/www.cvsjq.ch\/wp-content\/uploads\/2021\/12\/CVSJQ21-Ensembles-TUBA-DSC01503-768x512.jpg 768w, https:\/\/www.cvsjq.ch\/wp-content\/uploads\/2021\/12\/CVSJQ21-Ensembles-TUBA-DSC01503-1536x1024.jpg 1536w, https:\/\/www.cvsjq.ch\/wp-content\/uploads\/2021\/12\/CVSJQ21-Ensembles-TUBA-DSC01503-2048x1365.jpg 2048w\" sizes=\"auto, (max-width: 1024px) 100vw, 1024px\" \/><figcaption>Le Tuba Quartet de V\u00e9troz, champion valaisan 2021 des petits ensembles.<\/figcaption><\/figure>\n\n\n\n<p>Chez les quatuors de brass \u00abclassiques\u00bb (deux cornets, un alto et un euphonium), dont c\u2019\u00e9tait la 24<sup>e<\/sup> \u00e9dition (cette cat\u00e9gorie n\u2019a \u00e9t\u00e9 ouverte qu\u2019en 1997), Alco&rsquo;Rythme, de Bagnes (Enzo Davoli, Fr\u00e9d\u00e9ric Voutaz, Florian Darbellay et Valentin Cl\u00e9ment; 95 points), l\u2019emporte devant l\u2019Erminse&rsquo; quartett (Ludivine Genolet, Bertrand Trincherini, S\u00e9verine Rudaz, Florian Baumgartner; 93). Suivent les Frats\u2019Eh (Marine Antille, Beno\u00eet Caloz, No\u00e9mie Caloz, Lo\u00efc Chavaillaz; 90) et le quatuor Tradition (Daniel Verg\u00e8re, Jean-Rapha\u00ebl Fontannaz, Gilbert Aubry, St\u00e9phane Germanier; 85). Toutes ces formations jouaient une pi\u00e8ce impos\u00e9e, \u00abDivertimento\u00bb de Fritz Voegelin.<\/p>\n\n\n\n<figure class=\"wp-block-image size-large\"><img loading=\"lazy\" decoding=\"async\" width=\"1024\" height=\"683\" src=\"https:\/\/cvsjq.ch\/wp-content\/uploads\/2021\/12\/CVSJQ21-Quatuor-Alco_Rythme-DSC01497-1024x683.jpg\" alt=\"\" class=\"wp-image-4417\" srcset=\"https:\/\/www.cvsjq.ch\/wp-content\/uploads\/2021\/12\/CVSJQ21-Quatuor-Alco_Rythme-DSC01497-1024x683.jpg 1024w, https:\/\/www.cvsjq.ch\/wp-content\/uploads\/2021\/12\/CVSJQ21-Quatuor-Alco_Rythme-DSC01497-300x200.jpg 300w, https:\/\/www.cvsjq.ch\/wp-content\/uploads\/2021\/12\/CVSJQ21-Quatuor-Alco_Rythme-DSC01497-768x512.jpg 768w, https:\/\/www.cvsjq.ch\/wp-content\/uploads\/2021\/12\/CVSJQ21-Quatuor-Alco_Rythme-DSC01497-1536x1024.jpg 1536w, https:\/\/www.cvsjq.ch\/wp-content\/uploads\/2021\/12\/CVSJQ21-Quatuor-Alco_Rythme-DSC01497-2048x1365.jpg 2048w\" sizes=\"auto, (max-width: 1024px) 100vw, 1024px\" \/><figcaption>Alco&rsquo;Rythme, champion valaisan 2021 des quatuors.<\/figcaption><\/figure>\n","protected":false},"excerpt":{"rendered":"<p>Du jamais vu au Championnat valaisan des solistes: sur le podium, que des instrumentistes qui jouent dans des soci\u00e9t\u00e9s de musique de Conthey. Et seulement des jeunes filles. En t\u00eate, Oriane Br\u00fcckel qui a sign\u00e9 une superbe prestation avec une nouvelle composition \u00abEastern Dreams\u00bb de Bertrand Moren.<\/p>\n","protected":false},"author":1,"featured_media":4415,"comment_status":"closed","ping_status":"closed","sticky":false,"template":"","format":"standard","meta":{"footnotes":""},"categories":[1],"tags":[],"class_list":["post-4411","post","type-post","status-publish","format-standard","has-post-thumbnail","hentry","category-uncategorized"],"_links":{"self":[{"href":"https:\/\/www.cvsjq.ch\/index.php\/wp-json\/wp\/v2\/posts\/4411","targetHints":{"allow":["GET"]}}],"collection":[{"href":"https:\/\/www.cvsjq.ch\/index.php\/wp-json\/wp\/v2\/posts"}],"about":[{"href":"https:\/\/www.cvsjq.ch\/index.php\/wp-json\/wp\/v2\/types\/post"}],"author":[{"embeddable":true,"href":"https:\/\/www.cvsjq.ch\/index.php\/wp-json\/wp\/v2\/users\/1"}],"replies":[{"embeddable":true,"href":"https:\/\/www.cvsjq.ch\/index.php\/wp-json\/wp\/v2\/comments?post=4411"}],"version-history":[{"count":2,"href":"https:\/\/www.cvsjq.ch\/index.php\/wp-json\/wp\/v2\/posts\/4411\/revisions"}],"predecessor-version":[{"id":4419,"href":"https:\/\/www.cvsjq.ch\/index.php\/wp-json\/wp\/v2\/posts\/4411\/revisions\/4419"}],"wp:featuredmedia":[{"embeddable":true,"href":"https:\/\/www.cvsjq.ch\/index.php\/wp-json\/wp\/v2\/media\/4415"}],"wp:attachment":[{"href":"https:\/\/www.cvsjq.ch\/index.php\/wp-json\/wp\/v2\/media?parent=4411"}],"wp:term":[{"taxonomy":"category","embeddable":true,"href":"https:\/\/www.cvsjq.ch\/index.php\/wp-json\/wp\/v2\/categories?post=4411"},{"taxonomy":"post_tag","embeddable":true,"href":"https:\/\/www.cvsjq.ch\/index.php\/wp-json\/wp\/v2\/tags?post=4411"}],"curies":[{"name":"wp","href":"https:\/\/api.w.org\/{rel}","templated":true}]}}