{"id":4540,"date":"2022-11-01T16:43:11","date_gmt":"2022-11-01T16:43:11","guid":{"rendered":"https:\/\/www.cvsjq.ch\/?p=4540"},"modified":"2022-11-01T16:57:54","modified_gmt":"2022-11-01T16:57:54","slug":"les-filles-soctroient-la-parite","status":"publish","type":"post","link":"https:\/\/www.cvsjq.ch\/index.php\/2022\/11\/01\/les-filles-soctroient-la-parite\/","title":{"rendered":"Les filles s\u2019octroient la parit\u00e9!"},"content":{"rendered":"\n<p><strong>Le Championnat valaisan des solistes poursuit sa r\u00e9volution f\u00e9minine: l\u2019an pass\u00e9, les jeunes filles avaient monopolis\u00e9 le podium des juniors et r\u00e9ussi le doubl\u00e9 en minimes. Cette ann\u00e9e, elles d\u00e9crochent la parit\u00e9: 155 filles se mesureront \u00e0 155 gar\u00e7ons samedi 10 d\u00e9cembre prochain \u00e0 Gr\u00f4ne. Avec les ensembles, pr\u00e8s de 350 instrumentistes seront en lice. &nbsp;<\/strong><\/p>\n\n\n\n<!--more-->\n\n\n\n<p>La pand\u00e9mie n\u2019aura pas arr\u00eat\u00e9 les jeunes cuivres valaisans. Et surtout pas les jeunes filles. 310 solistes (+6) sont inscrits pour ce 27<sup>e<\/sup> Championnat valaisan de solistes juniors, de quatuors et d\u2019ensembles (CVSJQ) et vont jouer afin de figurer parmi les 80 qualifi\u00e9s (40 cornets et 40 gros instruments) pour le Championnat valaisan de l\u2019apr\u00e8s-midi du 10 d\u00e9cembre prochain \u00e0 Gr\u00f4ne. Et, pour la premi\u00e8re fois du concours, la d\u00e9l\u00e9gation f\u00e9minine (155) atteindra la parit\u00e9 exacte avec celle des jeunes gens.<\/p>\n\n\n\n<p><strong>Razzia f\u00e9mimine<\/strong><\/p>\n\n\n\n<p>Les gar\u00e7ons auront d\u2019ailleurs fort \u00e0 faire pour redresser la barre. En 2021, non seulement ils \u00e9taient d\u00e9j\u00e0 en minorit\u00e9 en finale (3 sur 8), mais ils s\u2019\u00e9taient inclin\u00e9s devant l\u2019armada f\u00e9minine: Oriane Br\u00fcckel (cornet, Lyre de Conthey), Emma Roh (baryton) et Margot Sauthier &nbsp;(cornet, toutes deux de la Contheysanne d\u2019Aven), ainsi que Lea Fugnanesi (baryton, Gemmi de Lo\u00e8che-les-Bains), 4<sup>e<\/sup> et meilleure Haut-Valaisanne, et Nell Vuignier (cornet, Rosablanche de Nendaz). De ce quintette de dames, seule Emma Roh ne participe pas, barr\u00e9e par la limite d\u2019\u00e2ge puisqu\u2019elle f\u00eate son 20<sup>e<\/sup> anniversaire le 2 d\u00e9cembre\u2026<\/p>\n\n\n\n<p>Autant dire que la lutte sera aussi serr\u00e9e qu\u2019acharn\u00e9e entre les 87 juniors (de 17 \u00e0 20 ans, -9) et les 130 cadets (de 13 \u00e0 16 ans, +16!). Toutes et tous aspireront \u00e0 figurer parmi les huit finalistes qui chercheront, dans la salle Recto-Verso de Gr\u00f4ne, \u00e0 succ\u00e9der \u00e0 la vague f\u00e9minine de 2021 ou\u2026 \u00e0 la prolonger! &nbsp;<\/p>\n\n\n\n<p><strong>Les jeunes filles sur tous les fronts<\/strong><\/p>\n\n\n\n<p>Victorieuse l\u2019an pass\u00e9, L\u00e9a Boulnoix (cornet, Lyre de Conthey) est suffisamment jeune pour pouvoir d\u00e9fendre son titre chez les minimes. 93 jeunes de 10 \u00e0 12 ans (-1) tenteront de la d\u00e9tr\u00f4ner. Avec un total de 310 solistes inscrits, le concours renoue avec les chiffres qui avaient marqu\u00e9 l\u2019\u00e9dition anniversaire de 2019, lors du quart de si\u00e8cle du concours.<\/p>\n\n\n\n<p>Pour cette 27<sup>e<\/sup> \u00e9dition, la domination f\u00e9minine ne s\u2019arr\u00eate pas l\u00e0. Pour la premi\u00e8re fois de la comp\u00e9tition, la \u00abdoyenne\u00bb, Amandine Carthoblaz (cornet, La Libert\u00e9 de Salins, qui f\u00eatera ses 20 ans le 19 d\u00e9cembre) et la \u00abbenjamine\u00bb, Tifenn Gessler (trombone, Union de V\u00e9troz, qui a souffl\u00e9 ses dix bougies le 28 novembre) sont toutes deux des jeunes filles. Et, cerise sur le g\u00e2teau, pour la premi\u00e8re fois encore du concours, une compositrice, Kathleen Gaspoz, signe un morceau de concours, \u00abBang of time\u00bb.<\/p>\n\n\n\n<p><strong>Majorit\u00e9 centriste menac\u00e9e<\/strong><\/p>\n\n\n\n<p>Au niveau des r\u00e9gions, la majorit\u00e9 absolue des solistes du Valais central (159 instrumentistes, 51,3%, -4%) s\u2019\u00e9tiole au profit du Bas-Valais (128, 41,3%, +3%), tandis que le Haut-Valais semble profiter du doubl\u00e9 sign\u00e9 par Cedric Ritler en 2018 et 2019 et se renforce d\u2019un pourcent (23, 7,4%). Orsi\u00e8res est clairement la commune qui envoie le plus de solistes (27), loin devant le trio Crans-Montana, Nendaz et V\u00e9troz (16), Suivent Gr\u00f4ne (15), Sion, Conthey, St-Maurice et Vex (14), puis Saxon (13). Ces dix municipalit\u00e9s d\u00e9l\u00e8guent plus de la moiti\u00e9 des participants au concours.<\/p>\n\n\n\n<p>Au plan des fanfares, l\u2019Edelweiss d\u2019Orsi\u00e8res et la Rosablanche de Nendaz pointent en t\u00eate avec 17 inscriptions. D\u2019un souffle devant la Marcelline de Gr\u00f4ne et l\u2019Agaunoise de St-Maurice (15). L\u2019Ancienne C\u00e9cilia de Chermignon (13) compl\u00e8te le quint\u00e9. La Fafleralp de Blatten est la soci\u00e9t\u00e9 haut-valaisanne la plus repr\u00e9sent\u00e9e (5 concurrents).<\/p>\n\n\n\n<p><strong>D\u00e9roulement du concours<\/strong><\/p>\n\n\n\n<p>Il y a un seul jury pour les qualifications du matin (d\u00e8s 8h45) qui restent un obstacle toujours tr\u00e8s difficile \u00e0 franchir. En effet, seuls 80 solistes (r\u00e9partis \u00e9galement entre les 123 petits et 94 gros instruments) auront le droit de jouer l\u2019apr\u00e8s-midi (d\u00e8s 13h30) dans le cadre du Championnat valaisan o\u00f9 les experts fonctionnent en tandem. Soit, grosso modo, moins de deux chances de qualification sur cinq!<\/p>\n\n\n\n<p>Quelque 200 b\u00e9n\u00e9voles collaborent pour assurer la r\u00e9ussite de la manifestation qui est organis\u00e9e par la Pers\u00e9v\u00e9rante de Plan-Conthey, la Marcelline de Gr\u00f4ne et la Concordia de V\u00e9troz. Les \u00e9ditions d\u2019avant Covid avaient chaque fois attir\u00e9 plus de 1200 de personnes pour suivre ces joutes de haute qualit\u00e9 musicale.<\/p>\n\n\n\n<p><strong>Des soutiens importants<\/strong><\/p>\n\n\n\n<p>Le succ\u00e8s de ce 27<sup>e<\/sup> CVSJQ r\u00e9compense aussi la g\u00e9n\u00e9rosit\u00e9 des sponsors principaux, la Loterie Romande, Raiffeisen, le Groupe Mutuel, Oiken, l\u2019Etat du Valais et l\u2019Association cantonale des musiques valaisannes. Au niveau des prix sp\u00e9ciaux, celui du \u00abNouvelliste\u00bb distingue le plus jeune participant \u00e0 la Grande Finale.<\/p>\n\n\n\n<hr class=\"wp-block-separator has-alpha-channel-opacity\"\/>\n\n\n\n<p><strong>Quatre formations en quatuors et autant en ensembles<\/strong><\/p>\n\n\n\n<p>Pour cette 25<sup>e<\/sup> \u00e9dition (cette cat\u00e9gorie n\u2019a \u00e9t\u00e9 ouverte qu\u2019en 1997), quatre formations seront en lice dans la cat\u00e9gorie moyenne. Vainqueur l\u2019an pass\u00e9, le quatuor Alco&rsquo;Rythme, de Bagnes (Enzo Davoli, Fr\u00e9d\u00e9ric Voutaz, Florian Darbellay et Valentin Cl\u00e9ment), se repr\u00e9sente et affrontera trois autres pr\u00e9tendants: Promess&rsquo;quartet, The Blondes and the Yellows et le Trojkatre quartet. La pi\u00e8ce impos\u00e9e sera une nouvelle composition de Ludovic Neurohr, \u00abPatchwork\u00bb.<\/p>\n\n\n\n<p>Dans la cat\u00e9gorie des petits ensembles de cuivres (de 3 \u00e0 8 musiciens) inaugur\u00e9e l\u2019an pass\u00e9, le Tuba Quartet de V\u00e9troz (Fabien D\u00e9caillet et Nicolas Rey, euphoniums, Fabrice Fournier et Philippe Rapalli, basses mib) entend aussi d\u00e9fendre son titre. Sa concurrence sera repr\u00e9sent\u00e9e par les sextettes Les Trublions et Pers\u2019band ainsi que par le Trio Doliflo. Vu l\u2019h\u00e9t\u00e9rog\u00e9n\u00e9it\u00e9 des formations, il n\u2019y a \u00e9videmment pas de pi\u00e8ce impos\u00e9e. Le programme est laiss\u00e9 au libre choix des concurrents.<\/p>\n\n\n\n<hr class=\"wp-block-separator has-alpha-channel-opacity\"\/>\n\n\n\n<p><strong>Les horaires<\/strong><\/p>\n\n\n\n<p>Le Championnat valaisan de solistes se d\u00e9roulera samedi 10 d\u00e9cembre prochain \u00e0 Gr\u00f4ne, selon l&rsquo;horaire suivant:<\/p>\n\n\n\n<p>08h45 &nbsp; D\u00e9but du concours de qualification pour les juniors<\/p>\n\n\n\n<p>13h30 &nbsp; D\u00e9but du championnat valaisan des juniors, des minimes, des quatuors et des petits ensembles<\/p>\n\n\n\n<p>18h30&nbsp;&nbsp;&nbsp; Fin du Championnat<\/p>\n\n\n\n<p>19h00 &nbsp; Finale des minimes<\/p>\n\n\n\n<p>20h00 &nbsp; Grande Finale des solistes juniors<\/p>\n\n\n\n<p><\/p>\n\n\n\n<p>21h15&nbsp;&nbsp;&nbsp; Proclamation des r\u00e9sultats et remise des prix<\/p>\n","protected":false},"excerpt":{"rendered":"<p>Le Championnat valaisan des solistes poursuit sa r\u00e9volution f\u00e9minine: l\u2019an pass\u00e9, les jeunes filles avaient monopolis\u00e9 le podium des juniors et r\u00e9ussi le doubl\u00e9 en minimes. Cette ann\u00e9e, elles d\u00e9crochent la parit\u00e9: 155 filles se mesureront \u00e0 155 gar\u00e7ons samedi 10 d\u00e9cembre prochain \u00e0 Gr\u00f4ne. Avec les ensembles, pr\u00e8s de 350 instrumentistes seront en lice. [&hellip;]<\/p>\n","protected":false},"author":1,"featured_media":4544,"comment_status":"closed","ping_status":"closed","sticky":false,"template":"","format":"standard","meta":{"footnotes":""},"categories":[1],"tags":[],"class_list":["post-4540","post","type-post","status-publish","format-standard","has-post-thumbnail","hentry","category-uncategorized"],"_links":{"self":[{"href":"https:\/\/www.cvsjq.ch\/index.php\/wp-json\/wp\/v2\/posts\/4540","targetHints":{"allow":["GET"]}}],"collection":[{"href":"https:\/\/www.cvsjq.ch\/index.php\/wp-json\/wp\/v2\/posts"}],"about":[{"href":"https:\/\/www.cvsjq.ch\/index.php\/wp-json\/wp\/v2\/types\/post"}],"author":[{"embeddable":true,"href":"https:\/\/www.cvsjq.ch\/index.php\/wp-json\/wp\/v2\/users\/1"}],"replies":[{"embeddable":true,"href":"https:\/\/www.cvsjq.ch\/index.php\/wp-json\/wp\/v2\/comments?post=4540"}],"version-history":[{"count":5,"href":"https:\/\/www.cvsjq.ch\/index.php\/wp-json\/wp\/v2\/posts\/4540\/revisions"}],"predecessor-version":[{"id":4550,"href":"https:\/\/www.cvsjq.ch\/index.php\/wp-json\/wp\/v2\/posts\/4540\/revisions\/4550"}],"wp:featuredmedia":[{"embeddable":true,"href":"https:\/\/www.cvsjq.ch\/index.php\/wp-json\/wp\/v2\/media\/4544"}],"wp:attachment":[{"href":"https:\/\/www.cvsjq.ch\/index.php\/wp-json\/wp\/v2\/media?parent=4540"}],"wp:term":[{"taxonomy":"category","embeddable":true,"href":"https:\/\/www.cvsjq.ch\/index.php\/wp-json\/wp\/v2\/categories?post=4540"},{"taxonomy":"post_tag","embeddable":true,"href":"https:\/\/www.cvsjq.ch\/index.php\/wp-json\/wp\/v2\/tags?post=4540"}],"curies":[{"name":"wp","href":"https:\/\/api.w.org\/{rel}","templated":true}]}}