{"id":4572,"date":"2022-12-04T10:47:01","date_gmt":"2022-12-04T10:47:01","guid":{"rendered":"https:\/\/www.cvsjq.ch\/?p=4572"},"modified":"2022-12-04T10:47:02","modified_gmt":"2022-12-04T10:47:02","slug":"les-filles-vont-elles-garder-leur-mainmise","status":"publish","type":"post","link":"https:\/\/www.cvsjq.ch\/index.php\/2022\/12\/04\/les-filles-vont-elles-garder-leur-mainmise\/","title":{"rendered":"<strong>Les filles vont-elles garder leur mainmise?<\/strong>"},"content":{"rendered":"\n<p><strong>Qui pourra rivaliser avec les championnes en titre, Oriane Br\u00fcckel en juniors et L\u00e9a Boulnoix en minimes? Les filles sont d\u00e9j\u00e0 remport\u00e9 une premi\u00e8re victoire: elles ont d\u00e9croch\u00e9 cette ann\u00e9e l\u2019\u00e9galit\u00e9 parfaite au niveau des inscriptions: elles seront 155 face \u00e0 155 gar\u00e7ons samedi 10 d\u00e9cembre \u00e0 Gr\u00f4ne. Avec les ensembles, pr\u00e8s de 350 instrumentistes seront en lice. &nbsp;<\/strong><\/p>\n\n\n\n<!--more-->\n\n\n\n<p>Gr\u00f4ne et sa salle Recto-Verso vont accueillir 310 solistes (+6) samedi 10 d\u00e9cembre prochain. En jeu: les titres convoit\u00e9s de champions valaisans. Ou plut\u00f4t devrait-on dire de championnes valaisannes. On se souvent en effet que l\u2019an pass\u00e9, les jeunes filles avaient trust\u00e9 les cinq premi\u00e8res places de la finale des juniors et les deux plus hautes marches du concours des minimes! Sur douze titres en jeu, les filles n\u2019en avaient laiss\u00e9 que cinq aux gar\u00e7ons\u2026<\/p>\n\n\n\n<p>Avec les tenantes du titre, Oriane Br\u00fcckel en juniors et L\u00e9a Boulnoix en minimes, la t\u00e2che des jeunes gens risque fort de s\u2019av\u00e9rer difficile s\u2019ils entendent les d\u00e9tr\u00f4ner. Mais la comp\u00e9tition n\u2019en sera que plus acharn\u00e9e et plus palpitante. C\u2019est \u00e0 nouveau une folle journ\u00e9e musicale qui va faire r\u00e9sonner les diff\u00e9rentes salles de concours de Gr\u00f4ne.<\/p>\n\n\n\n<p><strong>Autre nouveaut\u00e9: une premi\u00e8re compositrice<\/strong><\/p>\n\n\n\n<p>Tout se passe comme si la gent f\u00e9minine entend d\u00e9sormais rivaliser en tout point avec les musiciens m\u00e2les.&nbsp;M\u00eame dans le domaine souvent encore tr\u00e8s masculin de la composition. En effet, pour la premi\u00e8re fois du concours, une compositrice, Kathleen Gaspoz, signe un morceau de concours, \u00abBang of time\u00bb qui sera interpr\u00e9t\u00e9 en cr\u00e9ation. La musicienne de Vex n\u2019est pas une inconnue&nbsp;au Championnat valaisan de solistes juniors, de quatuors et d\u2019ensembles (CVSJQ): elle y a en effet particip\u00e9 \u00e0 une dizaine de reprises et a m\u00eame remport\u00e9 les deux premi\u00e8res \u00e9ditions du concours pour minimes, en 2003 et en 2004.<\/p>\n\n\n\n<p>Trois fois championnes suisses de cornet (en 2008, 2011 et 2012), Kathleen Gaspoz a aussi jou\u00e9 avec les meilleurs brass bands britanniques, Black Dyke, Fodens, Grimethorpe et Brighouse, o\u00f9 elle a \u00e9t\u00e9 la premi\u00e8re femme \u00e0 occuper le poste de principal solo cornet. Avec un master en finance de la Haute \u00e9cole de St-Gall et en musique du Royal Northern College of Music de Manchester, elle fait cette ann\u00e9e officiellement ses premiers pas dans la composition.<\/p>\n\n\n\n<p><strong>Trois compositeurs valaisans pl\u00e9biscit\u00e9s<\/strong><\/p>\n\n\n\n<p>Encore une autre premi\u00e8re: trois musiciens valaisans figurent en t\u00eate des compositeurs choisis par les solistes en lice. Du jamais vu \u00e0 ce jour! Dans l\u2019ordre, on pourra \u00e9couter 65 fois Eddy Debons, des solos de Bertrand Moren \u00e0 49 reprises et 20 \u0153uvres de Gilles Rocha. Soit pr\u00e8s de deux pi\u00e8ces jou\u00e9es sur cinq. Depuis la fondation du CVSJQ, ces trois artistes ont \u00e9t\u00e9 jou\u00e9s 2119 fois sur un peu plus de 8800 prestations. Des chiffres vertigineux!<\/p>\n\n\n\n<p>Cet incroyable engouement pour les cr\u00e9ateurs du cru se justifie. Pr\u00e8s de la moiti\u00e9 des quelque 200 finalistes en 26 \u00e9ditions du concours avaient choisi une \u0153uvre de Bertrand Moren (36 finalistes), d\u2019Eddy Debons (34) ou de Gilles Rocha (21). Ahurissant! Derni\u00e8re statistique: cette ann\u00e9e, l\u2019ensemble des compositeurs valaisans \u2013 o\u00f9 il faut ajouter les noms de Damien et Yvan Lagger, Bertrand Gay, Ludovic Neurohr, C\u00e9dric Verg\u00e8re et Kathleen Gaspoz \u2013 cumulent plus de la moiti\u00e9 des pi\u00e8ces jou\u00e9es\u2026<\/p>\n\n\n\n<p><strong>Le r\u00f4le des professeurs de musique<\/strong><\/p>\n\n\n\n<p>Sans professeurs de musique, il n\u2019y aurait pratiquement pas de solistes. A preuve, seuls onze jeunes se pr\u00e9sentent au concours sans mentor. Dans ce classement, le directeur orsi\u00e9rain C\u00e9dric Jacquemettaz caracole largement en t\u00eate avec 24 \u00e9l\u00e8ves. Suit l\u2019ancien pr\u00e9sident de Guttet-Feschel, Christian Pfammatter, qui forme 19 des 23 concurrents haut-valaisans.<\/p>\n\n\n\n<p>Le quint\u00e9 est compl\u00e9t\u00e9 par Yvan Lagger (17), Fran\u00e7ois Roh (16) et les directeurs des deux fanfares de V\u00e9troz, Christophe Jeanbourquin et Bertrand Moren, ex-aequo avec 14 \u00e9l\u00e8ves chacun.<\/p>\n\n\n\n<p><strong>D\u00e9roulement du concours<\/strong><\/p>\n\n\n\n<p>Il y a un seul jury pour les qualifications du matin (d\u00e8s 8h45) qui restent un obstacle toujours tr\u00e8s difficile \u00e0 franchir. En effet, seuls 80 solistes (r\u00e9partis \u00e9galement entre les 123 petits et 94 gros instruments) auront le droit de jouer l\u2019apr\u00e8s-midi (d\u00e8s 13h30) dans le cadre du Championnat valaisan o\u00f9 les experts fonctionnent en tandem. Soit, grosso modo, moins de deux chances de qualification sur cinq!<\/p>\n\n\n\n<p>Pour d\u00e9partager tous ces concurrents, huit experts seront \u00e0 l\u2019\u0153uvre. Trois viennent de l\u2019\u00e9tranger: le principal cornet du brass band britannique Leyland, Iain Culross, le directeur gallois Paul Holland et le Fran\u00e7ais Henri-Michel Garzia, trombone solo du Sinfonieorchester de B\u00e2le. Ils seront \u00e9paul\u00e9s par cinq jur\u00e9s helv\u00e9tiques ext\u00e9rieurs au canton: Vincent Baroni (NE), Simon Estermann (LU), Herv\u00e9 Gr\u00e9lat (JU), Manuel Imhof (UR), Nicolas Papaux (FR).<\/p>\n\n\n\n<p><strong>Des soutiens importants<\/strong><\/p>\n\n\n\n<p>Le succ\u00e8s de ce 27<sup>e<\/sup> CVSJQ r\u00e9compense aussi la g\u00e9n\u00e9rosit\u00e9 des sponsors principaux, la Loterie Romande, Raiffeisen, le Groupe Mutuel, Oiken, l\u2019Etat du Valais et l\u2019Association cantonale des musiques valaisannes. Au niveau des prix sp\u00e9ciaux, celui du \u00abNouvelliste\u00bb distingue le plus jeune participant \u00e0 la Grande Finale.<\/p>\n\n\n\n<p>Quelque 200 b\u00e9n\u00e9voles collaborent pour assurer la r\u00e9ussite de la manifestation qui est organis\u00e9e par la Pers\u00e9v\u00e9rante de Plan-Conthey, la Marcelline de Gr\u00f4ne et la Concordia de V\u00e9troz. Les \u00e9ditions d\u2019avant Covid avaient chaque fois attir\u00e9 plus de 1200 de personnes pour suivre ces joutes de haute qualit\u00e9 musicale.<\/p>\n\n\n\n<hr class=\"wp-block-separator has-alpha-channel-opacity\"\/>\n\n\n\n<p><strong>Les horaires<\/strong><\/p>\n\n\n\n<p>Le Championnat valaisan de solistes se d\u00e9roulera samedi 10 d\u00e9cembre prochain \u00e0 Gr\u00f4ne, selon l&rsquo;horaire suivant:<\/p>\n\n\n\n<p>08h45 \u00a0 D\u00e9but du concours de qualification pour les juniors<\/p>\n\n\n\n<p>13h30 \u00a0 D\u00e9but du championnat valaisan des juniors, des minimes, des quatuors et des petits ensembles<\/p>\n\n\n\n<p>18h30\u00a0\u00a0\u00a0 Fin du Championnat<\/p>\n\n\n\n<p>19h00 \u00a0 Finale des minimes<\/p>\n\n\n\n<p>20h00 \u00a0 Grande Finale des solistes juniors<\/p>\n\n\n\n<p>21h15\u00a0\u00a0\u00a0 Proclamation des r\u00e9sultats et remise des prix<\/p>\n\n\n\n<hr class=\"wp-block-separator has-alpha-channel-opacity\"\/>\n","protected":false},"excerpt":{"rendered":"<p>Qui pourra rivaliser avec les championnes en titre, Oriane Br\u00fcckel en juniors et L\u00e9a Boulnoix en minimes? Les filles sont d\u00e9j\u00e0 remport\u00e9 une premi\u00e8re victoire: elles ont d\u00e9croch\u00e9 cette ann\u00e9e l\u2019\u00e9galit\u00e9 parfaite au niveau des inscriptions: elles seront 155 face \u00e0 155 gar\u00e7ons samedi 10 d\u00e9cembre \u00e0 Gr\u00f4ne. Avec les ensembles, pr\u00e8s de 350 instrumentistes [&hellip;]<\/p>\n","protected":false},"author":1,"featured_media":4414,"comment_status":"closed","ping_status":"closed","sticky":false,"template":"","format":"standard","meta":{"footnotes":""},"categories":[1],"tags":[],"class_list":["post-4572","post","type-post","status-publish","format-standard","has-post-thumbnail","hentry","category-uncategorized"],"_links":{"self":[{"href":"https:\/\/www.cvsjq.ch\/index.php\/wp-json\/wp\/v2\/posts\/4572","targetHints":{"allow":["GET"]}}],"collection":[{"href":"https:\/\/www.cvsjq.ch\/index.php\/wp-json\/wp\/v2\/posts"}],"about":[{"href":"https:\/\/www.cvsjq.ch\/index.php\/wp-json\/wp\/v2\/types\/post"}],"author":[{"embeddable":true,"href":"https:\/\/www.cvsjq.ch\/index.php\/wp-json\/wp\/v2\/users\/1"}],"replies":[{"embeddable":true,"href":"https:\/\/www.cvsjq.ch\/index.php\/wp-json\/wp\/v2\/comments?post=4572"}],"version-history":[{"count":1,"href":"https:\/\/www.cvsjq.ch\/index.php\/wp-json\/wp\/v2\/posts\/4572\/revisions"}],"predecessor-version":[{"id":4573,"href":"https:\/\/www.cvsjq.ch\/index.php\/wp-json\/wp\/v2\/posts\/4572\/revisions\/4573"}],"wp:featuredmedia":[{"embeddable":true,"href":"https:\/\/www.cvsjq.ch\/index.php\/wp-json\/wp\/v2\/media\/4414"}],"wp:attachment":[{"href":"https:\/\/www.cvsjq.ch\/index.php\/wp-json\/wp\/v2\/media?parent=4572"}],"wp:term":[{"taxonomy":"category","embeddable":true,"href":"https:\/\/www.cvsjq.ch\/index.php\/wp-json\/wp\/v2\/categories?post=4572"},{"taxonomy":"post_tag","embeddable":true,"href":"https:\/\/www.cvsjq.ch\/index.php\/wp-json\/wp\/v2\/tags?post=4572"}],"curies":[{"name":"wp","href":"https:\/\/api.w.org\/{rel}","templated":true}]}}