{"id":4686,"date":"2023-12-01T09:41:27","date_gmt":"2023-12-01T09:41:27","guid":{"rendered":"https:\/\/www.cvsjq.ch\/?p=4686"},"modified":"2023-12-01T09:44:31","modified_gmt":"2023-12-01T09:44:31","slug":"oriane-bruckel-vise-le-triple-les-filles-majoritaires","status":"publish","type":"post","link":"https:\/\/www.cvsjq.ch\/index.php\/2023\/12\/01\/oriane-bruckel-vise-le-triple-les-filles-majoritaires\/","title":{"rendered":"Oriane Br\u00fcckel vise le tripl\u00e9 \u2013 les filles majoritaires"},"content":{"rendered":"\n<p><\/p>\n\n\n\n<p><strong>Le Championnat valaisan des solistes poursuit sa r\u00e9volution f\u00e9minine\u00a0: l\u2019an pass\u00e9, les jeunes filles avaient d\u00e9croch\u00e9 la parit\u00e9. Samedi 9 d\u00e9cembre prochain \u00e0 Gr\u00f4ne, elles seront majoritaires, \u00e0 52,5%. Une premi\u00e8re dans l\u2019histoire du concours\u00a0! Par ailleurs, les 300 solistes inscrits r\u00eavent bien s\u00fbr de d\u00e9tr\u00f4ner Oriane Br\u00fcckel qui, pour sa part, vise le tripl\u00e9.<\/strong><\/p>\n\n\n\n<!--more-->\n\n\n\n<p>En Valais, les cuivres ont un souffle toujours plus f\u00e9minin&nbsp;: sur les quelque 300 inscriptions de l\u2019\u00e9dition 2023, on recense 156 filles (52,5%). Cette majorit\u00e9 est une premi\u00e8re en 28 \u00e9ditions du Championnat valaisan de solistes juniors, de quatuors et d\u2019ensembles (CVSJQ). Chaque instrumentiste t\u00e2chera d\u00e9j\u00e0 de figurer parmi les 80 qualifi\u00e9s (40 cornets et 40 gros instruments) pour le Championnat valaisan de l\u2019apr\u00e8s-midi du 9 d\u00e9cembre prochain \u00e0 Gr\u00f4ne. Voire de participer \u00e0 la Grande finale o\u00f9 Oriane Br\u00fcckel entend bien r\u00e9ussir le tripl\u00e9.<\/p>\n\n\n\n<p><strong>Une majorit\u00e9 de filles<\/strong><\/p>\n\n\n\n<p>Lors de la premi\u00e8re \u00e9dition du CVSJQ, en 1995, les filles ne repr\u00e9sentaient \u00ab&nbsp;que&nbsp;\u00bb 30% des instrumentistes en lice. Dans l\u2019intervalle, la participation globale a plus que doubl\u00e9 et les jeunes filles ont fait mieux que combler leur retard&nbsp;: pour la premi\u00e8re fois cette ann\u00e9e, elles sont en majorit\u00e9.<\/p>\n\n\n\n<p>L\u2019an pass\u00e9, Oriane Br\u00fcckel (cornet, Lyre de Conthey) l\u2019avait emport\u00e9 sur deux Baptiste: Varone (trombone, Echo du Prab\u00e9 de Savi\u00e8se et ECV) qui ne peut plus participer, et Sauthier (baryton, Union de V\u00e9troz et BB 13*B). En revanche, deux fois de suite 4<sup>e<\/sup>&nbsp;et meilleure Haut-Valaisanne, Lea Fugnanesi (baryton, Gemmi de Lo\u00e8che-les-Bains, Oberwalliser BB) sera elle aussi bien pr\u00e9sente. Dans l\u2019intervalle, tous ces rivaux ont \u00e9videmment pris de la bouteille, \u00e0 l\u2019image de Kilian Morath, (cornet, Laurentia de Bramois) qui avait r\u00e9ussi l\u2019exploit, l\u2019an pass\u00e9, d\u2019atteindre la Grande finale \u00e0 14 ans seulement.<\/p>\n\n\n\n<p><strong>Les jeunes filles sur tous les fronts<\/strong><\/p>\n\n\n\n<p>Autant dire que la lutte sera aussi serr\u00e9e qu\u2019acharn\u00e9e entre les 90 juniors (de 17 \u00e0 20 ans, +3 par rapport \u00e0 2022) et les 116 cadets (de 13 \u00e0 16 ans, -14). Toutes et tous aspireront \u00e0 figurer parmi les huit finalistes qui chercheront, dans la salle Recto-Verso de Gr\u00f4ne, \u00e0 succ\u00e9der \u00e0 la vague f\u00e9minine de 2022 ou\u2026 \u00e0 la prolonger!<\/p>\n\n\n\n<p>Championne minime l\u2019an pass\u00e9, Agathe Collombin (baryton, Concordia de Bagnes) et L\u00e9a Boulnoix (cornet, Lyre de Conthey), titr\u00e9e en 2021 et 2<sup>e<\/sup>&nbsp;en 2022, sont suffisamment jeunes pour pouvoir d\u00e9fendre leurs couronnes chez les minimes. 90 jeunes de 10 \u00e0 12 ans (-3) tenteront de la d\u00e9tr\u00f4ner. Avec un total de 297 solistes inscrits, le concours conna\u00eet une l\u00e9g\u00e8re baisse. Les cadets, dont la participation avait explos\u00e9 en 2022, retrouvent un nombre d\u2019instrumentistes plus habituel.<\/p>\n\n\n\n<p><strong>Majorit\u00e9 centriste menac\u00e9e<\/strong><\/p>\n\n\n\n<p>Au niveau des r\u00e9gions, la majorit\u00e9 absolue des solistes du Valais central (151 instrumentistes, 50,8%, -0,5%) s\u2019\u00e9tiole encore tandis que le Bas-Valais (122, 41,1%) et le Haut-Valais (22, 7,4%) restent stables. Orsi\u00e8res demeure la commune qui envoie le plus de solistes (20) mais elle est d\u00e9sormais talonn\u00e9e par V\u00e9troz (18), Nendaz et Sion (17).<\/p>\n\n\n\n<p>Au plan des fanfares, la Rosablanche de Nendaz pointe cette ann\u00e9e en t\u00eate avec 16 inscriptions. Elle distance l\u2019Agaunoise de St-Maurice (13) qui devance la Marcelline de Gr\u00f4ne et l\u2019Edelweiss d\u2019Orsi\u00e8res (12). La Fafleralp de Blatten est toujours la soci\u00e9t\u00e9 haut-valaisanne la plus repr\u00e9sent\u00e9e (5 concurrents).<\/p>\n\n\n\n<p><strong>D\u00e9roulement du concours<\/strong><\/p>\n\n\n\n<p>Il y a un seul jury pour les qualifications du matin (d\u00e8s 8h45) qui restent un obstacle toujours tr\u00e8s difficile \u00e0 franchir. En effet, seuls 80 solistes (r\u00e9partis \u00e9galement entre les 108 petits et 99 gros instruments) auront le droit de jouer l\u2019apr\u00e8s-midi (d\u00e8s 13h30) dans le cadre du Championnat valaisan o\u00f9 les experts fonctionnent en tandem. Soit, grosso modo, moins de deux chances de qualification sur cinq&nbsp;!<\/p>\n\n\n\n<p>Quelque 200 b\u00e9n\u00e9voles collaborent pour assurer la r\u00e9ussite de la manifestation qui est organis\u00e9e par la Pers\u00e9v\u00e9rante de Plan- Conthey, la Marcelline de Gr\u00f4ne et la Concordia de V\u00e9troz. Chaque ann\u00e9e, le concours attire plus de 1200 de personnes pour suivre ces joutes de haute qualit\u00e9 musicale.<\/p>\n\n\n\n<p><strong>Des soutiens importants<\/strong><\/p>\n\n\n\n<p>Le succ\u00e8s de ce 28<sup>e<\/sup>&nbsp;CVSJQ r\u00e9compense aussi la g\u00e9n\u00e9rosit\u00e9 des sponsors principaux, la Loterie Romande, la banque Raiffeisen, le Groupe Mutuel, Genedis, l\u2019Etat du Valais et l\u2019Association cantonale des musiques valaisannes. Au niveau des prix sp\u00e9ciaux, celui du \u00ab&nbsp;Nouvelliste&nbsp;\u00bb distingue le plus jeune participant \u00e0 la Grande Finale.<\/p>\n\n\n\n<hr class=\"wp-block-separator has-alpha-channel-opacity\"\/>\n\n\n\n<p><strong>\u00ab&nbsp;On a oubli\u00e9 la partition, alors elle a jou\u00e9 par c\u0153ur!&nbsp;\u00bb<\/strong><\/p>\n\n\n\n<p><strong>La plus belle histoire du concours de l\u2019an pass\u00e9<\/strong><\/p>\n\n\n\n<p>Peu banale, cette aventure d\u2019une jeune minime survenue lors du concours 2022. \u00ab&nbsp;On avait oubli\u00e9 la partition, alors ce matin, pour les qualifications, elle a jou\u00e9 par c\u0153ur&nbsp;\u00bb, a expliqu\u00e9 la maman. Qui a demand\u00e9 aux organisateurs: \u00ab&nbsp;Est-ce que ce serait possible d\u2019imprimer son solo parce que je suis s\u00fbre qu\u2019elle va aller en finale&nbsp;!&nbsp;\u00bb Ce qui fut fait. Et la petite Lena s\u2019est effectivement retrouv\u00e9e dans le cercle tr\u00e8s ferm\u00e9 des sept finalistes minimes. Face \u00e0 tant de clairvoyance, peut-\u00eatre que les organisateurs devraient se poser la question d\u2019engager la maman comme experte cette ann\u00e9e&nbsp;!&nbsp;<\/p>\n\n\n\n<hr class=\"wp-block-separator has-alpha-channel-opacity\"\/>\n\n\n\n<p><strong>Six formations en quatuors et autant en ensembles<\/strong><\/p>\n\n\n\n<p>Pour cette 26<sup>e<\/sup>&nbsp;\u00e9dition (cette cat\u00e9gorie n\u2019a \u00e9t\u00e9 ouverte qu\u2019en 1997), cinq formations (+1) seront en lice Comme le vainqueur de l\u2019an pass\u00e9 ne se repr\u00e9sente pas, la comp\u00e9tition sera tr\u00e8s ouverte. La pi\u00e8ce impos\u00e9e s\u2019intitule \u00ab&nbsp;Children\u2019s Pictures&nbsp;\u00bb et avait \u00e9t\u00e9 compos\u00e9e il y a tout juste vingt ans par Julien Roh pour le CVSJQ 2003.<\/p>\n\n\n\n<p>Dans la cat\u00e9gorie des petits ensembles de cuivres (de 3 \u00e0 8 musiciens) qui vit sa 3<sup>e<\/sup>&nbsp;\u00e9dition, le Trio Doliflo des fr\u00e8res Robyr, victorieux l\u2019an pass\u00e9, s\u2019est transform\u00e9 en un quatuor baptis\u00e9 DOFA Quartet avec l\u2019arriv\u00e9e d\u2019un euphonium suppl\u00e9mentaire, Antoine Zeiter. Vu l\u2019h\u00e9t\u00e9rog\u00e9n\u00e9it\u00e9 des formations, il n\u2019y a \u00e9videmment pas de pi\u00e8ce impos\u00e9e. Le programme est laiss\u00e9 au libre choix des concurrents.<\/p>\n\n\n\n<hr class=\"wp-block-separator has-alpha-channel-opacity\"\/>\n\n\n\n<p><strong>Les horaires<\/strong><\/p>\n\n\n\n<p>Le Championnat valaisan de solistes se d\u00e9roulera samedi 9 d\u00e9cembre prochain \u00e0 Gr\u00f4ne, selon l&rsquo;horaire suivant:<\/p>\n\n\n\n<p>08h45 D\u00e9but du concours de qualification pour les juniors<br>13h30 D\u00e9but du championnat valaisan des juniors, des minimes, des quatuors et des petits ensembles<br>18h30 Fin du Championnat<br>19h00 Finale des minimes<br>20h00 Grande Finale des solistes juniors<br>21h15 Proclamation des r\u00e9sultats et remise des prix<\/p>\n","protected":false},"excerpt":{"rendered":"<p>Le Championnat valaisan des solistes poursuit sa r\u00e9volution f\u00e9minine\u00a0: l\u2019an pass\u00e9, les jeunes filles avaient d\u00e9croch\u00e9 la parit\u00e9. Samedi 9 d\u00e9cembre prochain \u00e0 Gr\u00f4ne, elles seront majoritaires, \u00e0 52,5%. Une premi\u00e8re dans l\u2019histoire du concours\u00a0! Par ailleurs, les 300 solistes inscrits r\u00eavent bien s\u00fbr de d\u00e9tr\u00f4ner Oriane Br\u00fcckel qui, pour sa part, vise le tripl\u00e9.<\/p>\n","protected":false},"author":1,"featured_media":4601,"comment_status":"closed","ping_status":"closed","sticky":false,"template":"","format":"standard","meta":{"footnotes":""},"categories":[1],"tags":[],"class_list":["post-4686","post","type-post","status-publish","format-standard","has-post-thumbnail","hentry","category-uncategorized"],"_links":{"self":[{"href":"https:\/\/www.cvsjq.ch\/index.php\/wp-json\/wp\/v2\/posts\/4686","targetHints":{"allow":["GET"]}}],"collection":[{"href":"https:\/\/www.cvsjq.ch\/index.php\/wp-json\/wp\/v2\/posts"}],"about":[{"href":"https:\/\/www.cvsjq.ch\/index.php\/wp-json\/wp\/v2\/types\/post"}],"author":[{"embeddable":true,"href":"https:\/\/www.cvsjq.ch\/index.php\/wp-json\/wp\/v2\/users\/1"}],"replies":[{"embeddable":true,"href":"https:\/\/www.cvsjq.ch\/index.php\/wp-json\/wp\/v2\/comments?post=4686"}],"version-history":[{"count":2,"href":"https:\/\/www.cvsjq.ch\/index.php\/wp-json\/wp\/v2\/posts\/4686\/revisions"}],"predecessor-version":[{"id":4693,"href":"https:\/\/www.cvsjq.ch\/index.php\/wp-json\/wp\/v2\/posts\/4686\/revisions\/4693"}],"wp:featuredmedia":[{"embeddable":true,"href":"https:\/\/www.cvsjq.ch\/index.php\/wp-json\/wp\/v2\/media\/4601"}],"wp:attachment":[{"href":"https:\/\/www.cvsjq.ch\/index.php\/wp-json\/wp\/v2\/media?parent=4686"}],"wp:term":[{"taxonomy":"category","embeddable":true,"href":"https:\/\/www.cvsjq.ch\/index.php\/wp-json\/wp\/v2\/categories?post=4686"},{"taxonomy":"post_tag","embeddable":true,"href":"https:\/\/www.cvsjq.ch\/index.php\/wp-json\/wp\/v2\/tags?post=4686"}],"curies":[{"name":"wp","href":"https:\/\/api.w.org\/{rel}","templated":true}]}}