{"id":4696,"date":"2023-12-05T20:22:38","date_gmt":"2023-12-05T20:22:38","guid":{"rendered":"https:\/\/www.cvsjq.ch\/?p=4696"},"modified":"2023-12-05T20:22:43","modified_gmt":"2023-12-05T20:22:43","slug":"les-filles-vont-elles-garder-leurs-couronnes","status":"publish","type":"post","link":"https:\/\/www.cvsjq.ch\/index.php\/2023\/12\/05\/les-filles-vont-elles-garder-leurs-couronnes\/","title":{"rendered":"Les filles vont-elles garder leurs couronnes\u00a0?"},"content":{"rendered":"\n<p><strong>Qui pourra rivaliser avec les championnes en titre, Oriane Br\u00fcckel en juniors et Agathe Collombin en minimes&nbsp;? Les filles ont d\u00e9j\u00e0 remport\u00e9 une premi\u00e8re victoire&nbsp;: elles sont d\u00e9j\u00e0 majoritaires au niveau des inscriptions&nbsp;: elles seront 156 (52,5%) face \u00e0 141 gar\u00e7ons &nbsp;ce samedi 9 d\u00e9cembre \u00e0 Gr\u00f4ne. Avec les ensembles, plus de 350 instrumentistes seront en lice.&nbsp;<\/strong><\/p>\n\n\n\n<!--more-->\n\n\n\n<figure class=\"wp-block-image size-large\"><img loading=\"lazy\" decoding=\"async\" width=\"1024\" height=\"575\" src=\"https:\/\/www.cvsjq.ch\/wp-content\/uploads\/2023\/12\/CVSJQ22-Agathe-Collombin-Champion-Minimes-DSC01736-1-1024x575.jpg\" alt=\"\" class=\"wp-image-4698\" srcset=\"https:\/\/www.cvsjq.ch\/wp-content\/uploads\/2023\/12\/CVSJQ22-Agathe-Collombin-Champion-Minimes-DSC01736-1-1024x575.jpg 1024w, https:\/\/www.cvsjq.ch\/wp-content\/uploads\/2023\/12\/CVSJQ22-Agathe-Collombin-Champion-Minimes-DSC01736-1-300x169.jpg 300w, https:\/\/www.cvsjq.ch\/wp-content\/uploads\/2023\/12\/CVSJQ22-Agathe-Collombin-Champion-Minimes-DSC01736-1-768x431.jpg 768w, https:\/\/www.cvsjq.ch\/wp-content\/uploads\/2023\/12\/CVSJQ22-Agathe-Collombin-Champion-Minimes-DSC01736-1-1536x863.jpg 1536w, https:\/\/www.cvsjq.ch\/wp-content\/uploads\/2023\/12\/CVSJQ22-Agathe-Collombin-Champion-Minimes-DSC01736-1-2048x1151.jpg 2048w\" sizes=\"auto, (max-width: 1024px) 100vw, 1024px\" \/><figcaption class=\"wp-element-caption\"><em>Agathe-Collombin, championne valaisanne 2022 des minimes (10-13 ans).<\/em><\/figcaption><\/figure>\n\n\n\n<p>Gr\u00f4ne et sa salle Recto-Verso vont accueillir quelque 300 solistes ce samedi. En jeu&nbsp;: les titres convoit\u00e9s de champions valaisans. Ou plut\u00f4t devrait-on dire de championnes valaisannes. On se souvient en effet que l\u2019an pass\u00e9, les jeunes filles avaient trust\u00e9 la victoire lors de la finale des juniors et les deux plus hautes marches du concours des minimes!<\/p>\n\n\n\n<p>Avec les tenantes du titre, Oriane Br\u00fcckel en juniors \u2013 qui va tenter le tripl\u00e9 \u2013 et Agathe Collombin en minimes, la t\u00e2che des jeunes gens risque fort de s\u2019av\u00e9rer difficile s\u2019ils entendent les d\u00e9tr\u00f4ner. Mais la comp\u00e9tition n\u2019en sera que plus acharn\u00e9e et plus palpitante. C\u2019est \u00e0 nouveau une folle journ\u00e9e musicale qui va faire r\u00e9sonner les diff\u00e9rentes salles de concours de Gr\u00f4ne.<\/p>\n\n\n\n<p><strong>Des experts de tr\u00e8s haut niveau<\/strong><\/p>\n\n\n\n<p>Il y a un seul jury pour les qualifications du matin (d\u00e8s 8h45) qui restent un obstacle toujours tr\u00e8s difficile \u00e0 franchir. En effet, seuls 80 solistes (r\u00e9partis \u00e9galement entre les 108 petits et 99 gros instruments) auront le droit de jouer l\u2019apr\u00e8s-midi (d\u00e8s 13h30) dans le cadre du Championnat valaisan o\u00f9 les experts fonctionnent en tandem. Soit, grosso modo, moins de deux chances de qualification sur cinq&nbsp;!<\/p>\n\n\n\n<p>Pour d\u00e9partager tous ces concurrents, huit experts seront \u00e0 l\u2019\u0153uvre. Trois viennent de l\u2019\u00e9tranger: le fameux compositeur belge Jan Van der Roost, pr\u00e9sident du jury, mais aussi la l\u00e9gende anglaise du cornet, Roger Webster et Alexis Demailly, cornet solo de l\u2019Orchestre national de l\u2019Op\u00e9ra de Paris et du Brass Band Paris. Ils seront \u00e9paul\u00e9s par cinq jur\u00e9s helv\u00e9tiques ext\u00e9rieurs au canton&nbsp;: Michael Bach (LU), Serge Gros (VD), Marc Jeanbourquin (JU\/FR), Ueli Kipfer (BE) et Dominique Morel (FR).<\/p>\n\n\n\n<p><strong>Une industrie valaisanne de la composition<\/strong><\/p>\n\n\n\n<p>Le Championnat valaisan des solistes (CVSJQ) a, progressivement, cr\u00e9\u00e9 une v\u00e9ritable industrie de la composition dans le canton. En effet, sur les traces d\u2019Eddy Debons, pr\u00e9curseur en la mati\u00e8re, se sont engouffr\u00e9s Bertrand Moren, Gilles Rocha, Damien et Yvan Lagger ou Bertrand Gay. A eux six, ils ont \u00e9crit les solos interpr\u00e9t\u00e9s par plus de la moiti\u00e9 (156&nbsp;!) des solos interpr\u00e9t\u00e9s par les jeunes en lice.<\/p>\n\n\n\n<p>Dans l\u2019ordre, on pourra \u00e9couter 70 fois Eddy Debons, des solos de Bertrand Moren \u00e0 43 reprises et 17 \u0153uvres de Gilles Rocha. Soit un quart des pi\u00e8ces jou\u00e9es. En revanche, Bertrand Moren atteint ce score avec beaucoup plus de morceaux diff\u00e9rents qu\u2019Eddy Debons (24 versus 14). D\u00e8s lors, il n\u2019est pas surprenant que le musicien savi\u00e9san monopolise le haut du classement des \u0153uvres les plus jou\u00e9es avec \u00ab&nbsp;Dargilla&nbsp;\u00bb (17 ex\u00e9cutions), \u00ab&nbsp;Fantasietta&nbsp;\u00bb (11), \u00ab&nbsp;Alvaro&nbsp;\u00bb (8) et \u00ab&nbsp;Zingaresca&nbsp;\u00bb (7). Le quint\u00e9 de t\u00eate est compl\u00e9t\u00e9 \u2013 surprise \u2013 par \u00ab&nbsp;Flight 93&nbsp;\u00bb (6) de Damien Lagger. Mais la vari\u00e9t\u00e9 sera aussi au programme puisque 111 solos ne seront jou\u00e9s qu\u2019une seule fois&nbsp;!<\/p>\n\n\n\n<p><strong>Le r\u00f4le des professeurs de musique<\/strong><\/p>\n\n\n\n<p>\u00ab&nbsp;Derri\u00e8re un grand homme, se cache toujours une femme de feu&nbsp;!&nbsp;\u00bb Adapt\u00e9 \u00e0 la sauce musicale valaisanne, ce proverbe ivoirien devient&nbsp;: derri\u00e8re tout soliste, il y a un professeur de musique dont l\u2019abn\u00e9gation et la capacit\u00e9 de motivation sont souvent d\u00e9terminantes. A preuve, seuls sept jeunes se pr\u00e9sentent au concours sans mentor.<\/p>\n\n\n\n<p>Dans ce classement, le directeur orsi\u00e9rain C\u00e9dric Jacquemettaz caracole largement en t\u00eate avec 28 \u00e9l\u00e8ves. Presque un soliste sur dix. Suivent le directeur et compositeur Yvan Lagger (18) et l\u2019ancien pr\u00e9sident de Guttet-Feschel, Christian Pfammatter, qui forme plus des trois quarts (17) des 22 concurrents haut-valaisans. Le top 12 des professeurs de musique donnent des cours \u00e0 plus de la moiti\u00e9 des concurrents (167 sur 297). Bravo \u00e0 ces p\u00e9dagogues&nbsp;!<\/p>\n\n\n\n<p><strong>Les r\u00e9seaux familiaux<\/strong><\/p>\n\n\n\n<p>Le proverbe ivoirien a encore une deuxi\u00e8me d\u00e9clinaison&nbsp;: derri\u00e8re chaque soliste, il y a aussi des parents et une famille. Ainsi 86 instrumentistes viennent en fratrie de deux. Mais, mieux encore&nbsp;: huit familles d\u00e9l\u00e8guent trois jeunes solistes. Bravo \u00e0 No\u00e9lie, Vanessa et Alicia Aymon, de l\u2019Echo des Glaciers de Vex&nbsp;; \u00e0 Lana, Lilou et Lo\u00efs Berger, de la Collongienne de Collonges&nbsp;; \u00e0 Maya, Ava et Lia Fragni\u00e8re de la Rosablanche de Nendaz&nbsp;; \u00e0 Louise, Charlotte et Barth\u00e9l\u00e9my Gaillard, de la Pers\u00e9v\u00e9rance de Leytron.<\/p>\n\n\n\n<p>Mais aussi \u00e0 Cl\u00e9mence, Linda et Corentin Morard, de l\u2019Union instrumentale d\u2019Ayent&nbsp;; \u00e0 Julie, Vincent et Antoine Pralong, de l\u2019Echo de la Dent-Blanche des Haud\u00e8res&nbsp;; \u00e0 Maxime, Romain et Noah Python, de la Fanfare municipale de Salvan&nbsp;; ainsi qu\u2019\u00e0 C\u00e9lia, Charline et Mathys Roh, de la Contheysanne d\u2019Aven.<\/p>\n\n\n\n<p><strong>Des soutiens importants<\/strong><\/p>\n\n\n\n<p>Quelque 200 b\u00e9n\u00e9voles collaborent pour assurer la r\u00e9ussite de la manifestation qui est organis\u00e9e par la Pers\u00e9v\u00e9rante de Plan- Conthey, la Marcelline de Gr\u00f4ne et la Concordia de V\u00e9troz. Chaque ann\u00e9e, le concours attire plus de 1200 de personnes pour suivre ces joutes de haute qualit\u00e9 musicale.<\/p>\n\n\n\n<p>Le succ\u00e8s de ce 28<sup>e<\/sup> CVSJQ r\u00e9compense aussi la g\u00e9n\u00e9rosit\u00e9 des sponsors principaux, la Loterie Romande, la banque Raiffeisen, le Groupe Mutuel, Genedis, l\u2019Etat du Valais et les Associations valaisanne et suisse des musiques. Au niveau des prix sp\u00e9ciaux, celui du \u00ab\u00a0Nouvelliste\u00a0\u00bb distingue le plus jeune participant \u00e0 la Grande Finale.<\/p>\n\n\n\n<hr class=\"wp-block-separator has-alpha-channel-opacity\"\/>\n\n\n\n<p><strong>\u00ab\u00a0On a oubli\u00e9 la partition, alors elle a jou\u00e9 par c\u0153ur\u00a0!\u00a0\u00bb<\/strong><\/p>\n\n\n\n<p><strong>La plus belle histoire du concours de l\u2019an pass\u00e9<\/strong><\/p>\n\n\n\n<p>Peu banale, cette aventure d\u2019une jeune minime survenue lors du concours 2022. \u00ab&nbsp;On avait oubli\u00e9 la partition, alors ce matin, pour les qualifications, elle a jou\u00e9 par c\u0153ur&nbsp;\u00bb, a expliqu\u00e9 la maman. Qui a demand\u00e9 aux organisateurs : \u00ab&nbsp;Est-ce que ce serait possible d\u2019imprimer son solo parce que je suis s\u00fbre qu\u2019elle va aller en finale&nbsp;!&nbsp;\u00bb Ce qui fut fait. Et la petite Lena s\u2019est effectivement retrouv\u00e9e dans le cercle tr\u00e8s ferm\u00e9 des sept finalistes minimes. Face \u00e0 tant de clairvoyance, peut-\u00eatre que les organisateurs devraient se poser la question d\u2019engager la maman comme experte cette ann\u00e9e&nbsp;!&nbsp;<\/p>\n\n\n\n<hr class=\"wp-block-separator has-alpha-channel-opacity\"\/>\n\n\n\n<p><strong>Six formations en quatuors et autant en ensembles<\/strong><\/p>\n\n\n\n<figure class=\"wp-block-image size-large\"><img loading=\"lazy\" decoding=\"async\" width=\"1024\" height=\"575\" src=\"https:\/\/www.cvsjq.ch\/wp-content\/uploads\/2023\/12\/CVSJQ22-Ensembles-Trio-Doliflo-DSC01710-1-1024x575.jpg\" alt=\"\" class=\"wp-image-4697\" srcset=\"https:\/\/www.cvsjq.ch\/wp-content\/uploads\/2023\/12\/CVSJQ22-Ensembles-Trio-Doliflo-DSC01710-1-1024x575.jpg 1024w, https:\/\/www.cvsjq.ch\/wp-content\/uploads\/2023\/12\/CVSJQ22-Ensembles-Trio-Doliflo-DSC01710-1-300x169.jpg 300w, https:\/\/www.cvsjq.ch\/wp-content\/uploads\/2023\/12\/CVSJQ22-Ensembles-Trio-Doliflo-DSC01710-1-768x431.jpg 768w, https:\/\/www.cvsjq.ch\/wp-content\/uploads\/2023\/12\/CVSJQ22-Ensembles-Trio-Doliflo-DSC01710-1-1536x863.jpg 1536w, https:\/\/www.cvsjq.ch\/wp-content\/uploads\/2023\/12\/CVSJQ22-Ensembles-Trio-Doliflo-DSC01710-1-2048x1151.jpg 2048w\" sizes=\"auto, (max-width: 1024px) 100vw, 1024px\" \/><figcaption class=\"wp-element-caption\"><em>Le trio Doliflo des fr\u00e8res Robyr, champion valaisan 2022 des petits ensembles.<\/em><\/figcaption><\/figure>\n\n\n\n<p>Pour cette 26<sup>e<\/sup> \u00e9dition (cette cat\u00e9gorie n\u2019a \u00e9t\u00e9 ouverte qu\u2019en 1997), six formations (+2) seront en lice Comme le vainqueur de l\u2019an pass\u00e9 ne se repr\u00e9sente pas, la comp\u00e9tition sera tr\u00e8s ouverte. La pi\u00e8ce impos\u00e9e s\u2019intitule \u00ab&nbsp;Children\u2019s Pictures&nbsp;\u00bb et avait \u00e9t\u00e9 compos\u00e9e il y a tout juste vingt ans par Julien Roh pour le CVSJQ 2003.<\/p>\n\n\n\n<p>Dans la cat\u00e9gorie des petits ensembles de cuivres (de 3 \u00e0 8 musiciens) qui vit sa 3<sup>e<\/sup> \u00e9dition, le Trio Doliflo des fr\u00e8res Robyr, victorieux l\u2019an pass\u00e9, s\u2019est transform\u00e9 en un quatuor baptis\u00e9 DOFA Quartet avec l\u2019arriv\u00e9e d\u2019un euphonium suppl\u00e9mentaire, Antoine Zeiter. Vu l\u2019h\u00e9t\u00e9rog\u00e9n\u00e9it\u00e9 des six formations en lice, il n\u2019y a \u00e9videmment pas de pi\u00e8ce impos\u00e9e. Le programme est laiss\u00e9 au libre choix des concurrents.<\/p>\n\n\n\n<hr class=\"wp-block-separator has-alpha-channel-opacity\"\/>\n\n\n\n<p><strong>Les horaires<\/strong><\/p>\n\n\n\n<p>Le Championnat valaisan de solistes se d\u00e9roulera samedi 9 d\u00e9cembre prochain \u00e0 Gr\u00f4ne, selon l&rsquo;horaire suivant:<\/p>\n\n\n\n<p>08h45 D\u00e9but du concours de qualification pour les juniors<br>13h30 D\u00e9but du championnat valaisan des juniors, des minimes, des quatuors et des petits ensembles<br>18h30 Fin du Championnat<br>19h00 Finale des minimes<br>20h00 Grande Finale des solistes juniors<br>21h15 Proclamation des r\u00e9sultats et remise des prix<\/p>\n","protected":false},"excerpt":{"rendered":"<p>Qui pourra rivaliser avec les championnes en titre, Oriane Br\u00fcckel en juniors et Agathe Collombin en minimes&nbsp;? Les filles ont d\u00e9j\u00e0 remport\u00e9 une premi\u00e8re victoire&nbsp;: elles sont d\u00e9j\u00e0 majoritaires au niveau des inscriptions&nbsp;: elles seront 156 (52,5%) face \u00e0 141 gar\u00e7ons &nbsp;ce samedi 9 d\u00e9cembre \u00e0 Gr\u00f4ne. Avec les ensembles, plus de 350 instrumentistes seront [&hellip;]<\/p>\n","protected":false},"author":1,"featured_media":4601,"comment_status":"closed","ping_status":"closed","sticky":false,"template":"","format":"standard","meta":{"footnotes":""},"categories":[1],"tags":[],"class_list":["post-4696","post","type-post","status-publish","format-standard","has-post-thumbnail","hentry","category-uncategorized"],"_links":{"self":[{"href":"https:\/\/www.cvsjq.ch\/index.php\/wp-json\/wp\/v2\/posts\/4696","targetHints":{"allow":["GET"]}}],"collection":[{"href":"https:\/\/www.cvsjq.ch\/index.php\/wp-json\/wp\/v2\/posts"}],"about":[{"href":"https:\/\/www.cvsjq.ch\/index.php\/wp-json\/wp\/v2\/types\/post"}],"author":[{"embeddable":true,"href":"https:\/\/www.cvsjq.ch\/index.php\/wp-json\/wp\/v2\/users\/1"}],"replies":[{"embeddable":true,"href":"https:\/\/www.cvsjq.ch\/index.php\/wp-json\/wp\/v2\/comments?post=4696"}],"version-history":[{"count":1,"href":"https:\/\/www.cvsjq.ch\/index.php\/wp-json\/wp\/v2\/posts\/4696\/revisions"}],"predecessor-version":[{"id":4699,"href":"https:\/\/www.cvsjq.ch\/index.php\/wp-json\/wp\/v2\/posts\/4696\/revisions\/4699"}],"wp:featuredmedia":[{"embeddable":true,"href":"https:\/\/www.cvsjq.ch\/index.php\/wp-json\/wp\/v2\/media\/4601"}],"wp:attachment":[{"href":"https:\/\/www.cvsjq.ch\/index.php\/wp-json\/wp\/v2\/media?parent=4696"}],"wp:term":[{"taxonomy":"category","embeddable":true,"href":"https:\/\/www.cvsjq.ch\/index.php\/wp-json\/wp\/v2\/categories?post=4696"},{"taxonomy":"post_tag","embeddable":true,"href":"https:\/\/www.cvsjq.ch\/index.php\/wp-json\/wp\/v2\/tags?post=4696"}],"curies":[{"name":"wp","href":"https:\/\/api.w.org\/{rel}","templated":true}]}}