{"id":4703,"date":"2023-12-11T06:13:57","date_gmt":"2023-12-11T06:13:57","guid":{"rendered":"https:\/\/www.cvsjq.ch\/?p=4703"},"modified":"2023-12-11T06:18:11","modified_gmt":"2023-12-11T06:18:11","slug":"oriane-bruckel-reussit-le-triple","status":"publish","type":"post","link":"https:\/\/www.cvsjq.ch\/index.php\/2023\/12\/11\/oriane-bruckel-reussit-le-triple\/","title":{"rendered":"Oriane Br\u00fcckel r\u00e9ussit le tripl\u00e9"},"content":{"rendered":"\n<p><strong>Oriane Br\u00fcckel n\u2019a pas trembl\u00e9 et a r\u00e9ussi le tripl\u00e9, devant deux barytons\u00a0: la Haut-Valaisanne Lea Fugnanesi, de Lo\u00e8che-les-Bains, et Antoine Zeiter, de St-Maurice, qui \u00e9tait aussi le plus jeune finaliste. En minime, L\u00e9a Boulnoix reprend son titre avec maestria. Victoires du Team Libreville en quatuors et du quartet DOFA en ensembles.<\/strong><\/p>\n\n\n\n<!--more-->\n\n\n\n<p>Lors de ce 28<sup>e<\/sup>&nbsp;Championnat valaisan de solistes juniors et de quatuors (CVSJQ), les salles Recto-Verso et Giorla \u00e0 Gr\u00f4ne ont vibr\u00e9 samedi aux sons de quelque 360 instrumentistes. Point d\u2019orgue de la journ\u00e9e, la Grande Finale a bien s\u00fbr repr\u00e9sent\u00e9 le clou artistique de la manifestation et un feu d&rsquo;artifice de virtuosit\u00e9.<\/p>\n\n\n\n<p>Une nouvelle fois, le niveau g\u00e9n\u00e9ral des prestations a enthousiasm\u00e9 non seulement le public, mais aussi et surtout les membres du jury. Lors de la Grande Finale,\u00a0Oriane Br\u00fcckel (cornet, Lyre de Conthey, BB 13*, 98,5 points) confirme sa domination et aussi celle des jeunes filles puisque sa dauphine est la Haut-Valaisanne, Lea Fugnanesi (baryton, Gemmi de Lo\u00e8che-les-Bains, BB 13* B, 97,5). Elle pr\u00e9c\u00e8de Antoine Zeiter (baryton, Agaunoise de St-Maurice, EC Ambitus, 96,5) qui remporte le prix \u00ab\u00a0Nouvelliste<a>\u00a0<\/a>\u00bb du plus jeune finaliste.<\/p>\n\n\n\n<p>Chez les minimes, les cornets dominent&nbsp;: L\u00e9a Boulnoix (Lyre de Conthey) reprend son titre devant Louis Bolis (Echo d\u2019Orny d\u2019Ori\u00e8res) et Evan Verg\u00e8re (Concordia de V\u00e9troz).<\/p>\n\n\n\n<p><strong>Un fanatisme de bon aloi<\/strong><\/p>\n\n\n\n<p>A l\u2019issue de la finale, le compositeur belge Jan Van der Roost \u2013 il a re\u00e7u le mandat d\u2019\u00e9crire le morceau impos\u00e9 du Championnat suisse 2024 \u2013 ne tarissait pas d\u2019\u00e9loges&nbsp;: \u00ab&nbsp;J\u2019ai \u00e9t\u00e9 expert et ai visit\u00e9 une cinquantaine de pays de par le monde&nbsp;: un tel niveau de qualit\u00e9 n\u2019existe nulle part ailleurs. Et il faut imaginer tout le travail qu\u2019il y a derri\u00e8re ces prestations.&nbsp;\u00bb Et le pr\u00e9sident du jury d\u2019ajouter&nbsp;: \u00ab&nbsp;Il faut un v\u00e9ritable fanatisme, au sens le plus positif du terme, pour atteindre uen telle excellence. Et quand on voit, lors des r\u00e9sultats, que ce sont des (tout) jeunes qui ont jou\u00e9 ainsi, on est \u00e9poustoufl\u00e9.&nbsp;\u00bb<\/p>\n\n\n\n<p>L\u00e9gende britannique du cornet, Roger Webster a pour sa part relev\u00e9 la superbe virtuosit\u00e9 g\u00e9n\u00e9rale et, en particulier, en finale. Quant \u00e0 Alexis Demailly, cornet solo de l\u2019Orchestre national de l\u2019Op\u00e9ra de Paris et du Brass Band Paris, il a soulign\u00e9 la diff\u00e9rence par rapport \u00e0 la France&nbsp;: \u00ab&nbsp;Nos deux pays sont tr\u00e8s proches, aussi par la culture. Mais l\u00e0 o\u00f9 les musiciens fran\u00e7ais vont voir des notes et des rythmes, vous sentez ici d\u00e9j\u00e0 un phras\u00e9 et une musicalit\u00e9 qui font plaisir \u00e0 entendre.&nbsp;\u00bb<\/p>\n\n\n\n<p><strong>Une majorit\u00e9 de filles<\/strong><\/p>\n\n\n\n<p>Cette ann\u00e9e, 300 solistes s&rsquo;\u00e9taient inscrits pour se mesurer dans le cadre de l\u2019une des plus grandes comp\u00e9titions musicales de Suisse.&nbsp;Lors de la premi\u00e8re \u00e9dition du CVSJQ, en 1995, les filles ne repr\u00e9sentaient \u00ab&nbsp;que&nbsp;\u00bb 30% des instrumentistes en lice. Dans l\u2019intervalle, la participation globale a plus que doubl\u00e9 et les jeunes filles ont fait mieux que combler leur retard&nbsp;: cette ann\u00e9e, elles \u00e9taient en majorit\u00e9, \u00e0 52.5%. Une premi\u00e8re dans l\u2019histoire du concours.&nbsp;Il y avait en effet 156 filles pour 141 gar\u00e7ons.&nbsp;La preuve qu\u2019en Valais, les cuivres ont un souffle toujours plus f\u00e9minin.&nbsp;<\/p>\n\n\n\n<p><strong>Tous les champions juniors et cadets<\/strong><\/p>\n\n\n\n<p>Outre les finales, le CVSJQ d\u00e9cerne un titre pour chacune des cinq cat\u00e9gories en lice. En cadets (14-16 ans), les champions sont&nbsp;: Nathan K\u00fchni (Union instrumentale de Troistorrents, EC Ambitus), chez les cornets, bugles et trompettes, Tom Blanchut (Collongienne de Collonges) qui signe un doubl\u00e9 chez les altos, tout comme Antoine Zeiter (Agaunoise de St-Maurice, EC Ambitus) chez les barytons et euphoniums. Vincent Pralong (Echo de la Dent blanche des Haud\u00e8res) l\u2019emporte chez les trombones et S\u00e9bastien Perez (Collongienne de Collonges) chez les basses.<\/p>\n\n\n\n<p>En juniors (17-20 ans), Oriane Br\u00fcckel (Cornet, Lyre de Conthey, BB 13*) remporte aussi le titre dans la cat\u00e9gorie des cornets, bugles et trompettes. Les autres victoires vont \u00e0 Th\u00e9o Frossard (Union instrumentale de Liddes) qui signe un doubl\u00e9 chez les altos, \u00e0 Tiago Gon\u00e7alves (C\u00e9cilia de Chermignon) chez les basse, Lea Fugnanesi (baryton, Gemmi de Lo\u00e8che-les-Bains, BB 13* B) chez les euphoniums\/barytons et \u00e0 Baptiste Bobillier (Echo d\u2019Orny d\u2019Orsi\u00e8res, EC Ambitus) chez les trombones.<\/p>\n\n\n\n<p><strong>Des experts de tr\u00e8s haut niveau<\/strong><\/p>\n\n\n\n<p>Pour d\u00e9partager tous ces concurrents, les organisateurs avaient fait appel \u00e0 huit experts qui, par souci d\u2019impartialit\u00e9, viennent tous de l\u2019ext\u00e9rieur du canton. Trois venaient de l\u2019\u00e9tranger\u00a0: le fameux compositeur belge Jan Van der Roost, pr\u00e9sident du jury, mais aussi la l\u00e9gende anglaise du cornet, Roger Webster, et Alexis Demailly, cornet solo de l\u2019Orchestre national de l\u2019Op\u00e9ra de Paris et du Brass Band Paris. Ils ont \u00e9t\u00e9 \u00e9paul\u00e9s par cinq jur\u00e9s helv\u00e9tiques ext\u00e9rieurs au canton\u00a0: Michael Bach (LU), Serge Gros (VD), Marc Jeanbourquin (JU\/FR), Ueli Kipfer (BE) et Dominique Morel (FR).<\/p>\n\n\n\n<p><strong>Une comp\u00e9tition tr\u00e8s exigeante<\/strong><\/p>\n\n\n\n<p>Le d\u00e9roulement du concours voit les \u00e9liminatoires se tenir le matin. Le championnat proprement dit se d\u00e9roule l&rsquo;apr\u00e8s-midi tandis que les finales des minimes et des juniors se passent en soir\u00e9e \u00e0 la salle Recto-Verso. Il y a un seul jury pour les qualifications du matin qui restent un obstacle toujours tr\u00e8s difficile \u00e0 franchir.<\/p>\n\n\n\n<p>En effet, seuls 80 solistes (r\u00e9partis \u00e9galement entre les 108 petits et 99 gros instruments) ont eu le droit de jouer l\u2019apr\u00e8s-midi (d\u00e8s 13h30) dans le cadre du Championnat valaisan o\u00f9 les experts fonctionnent en tandem. Soit, grosso modo, une chance de qualification sur trois&nbsp;! Et ensuite, une sur dix pour acc\u00e9der \u00e0 la Grande Finale!<\/p>\n\n\n\n<p><strong>Des soutiens importants<\/strong><\/p>\n\n\n\n<p>Quelque 200 b\u00e9n\u00e9voles collaborent pour assurer la r\u00e9ussite de la manifestation qui est organis\u00e9e par la Pers\u00e9v\u00e9rante de Plan- Conthey, la Marcelline de Gr\u00f4ne et la Concordia de V\u00e9troz. Les \u00e9ditions d\u2019avant Covid avaient chaque fois attir\u00e9 plus de 1200 de personnes pour suivre ces joutes de haute qualit\u00e9 musicale.<\/p>\n\n\n\n<p>Le succ\u00e8s de ce 28<sup>e<\/sup>\u00a0CVSJQ r\u00e9compense aussi la g\u00e9n\u00e9rosit\u00e9 des sponsors principaux, la Loterie Romande, Raiffeisen, le Groupe Mutuel, Oiken, l\u2019Etat du Valais et les Associations f\u00e9d\u00e9rale et valaisanne des musiques. Au niveau des prix sp\u00e9ciaux, celui du \u00ab\u00a0Nouvelliste\u00a0\u00bb distingue le plus jeune participant \u00e0 la Grande Finale et est all\u00e9 \u00e0\u00a0XXX.<\/p>\n\n\n\n<hr class=\"wp-block-separator has-alpha-channel-opacity\"\/>\n\n\n\n<p><strong>Championnat des quatuors et des petits ensembles<\/strong><\/p>\n\n\n\n<p><strong>Victoires pour Libreville et les fr\u00e8res Robyr<\/strong><\/p>\n\n\n\n<p>Chez les quatuors de brass \u00ab&nbsp;classiques&nbsp;\u00bb (deux cornets, un alto et un euphonium), dont c\u2019\u00e9tait la 26<sup>e<\/sup>&nbsp;\u00e9dition (cette cat\u00e9gorie n\u2019a \u00e9t\u00e9 ouverte qu\u2019en 1997), le Team Libreville issu de Lens et de Vex (J\u00e9r\u00e9mie et Samuel Bonvin, S\u00e9bastien et St\u00e9phanie Gaspoz) fait le trou en obtenant 94 points sur la pi\u00e8ce impos\u00e9e \u00ab&nbsp;Children\u2019s Pictures&nbsp;\u00bb de Julien Roh. Il pr\u00e9c\u00e8de le Smurfs Quartet (Alex Germanier, Laeticia Baumgartner, Aline Bornet et Adrien Carthoblaz) et The Blondes and the Yellow (No\u00e9 Bezen\u00e7on, Julien Mabillard, Axelle Roux et L\u00e9ane Balet).<\/p>\n\n\n\n<p>Pour sa troisi\u00e8me \u00e9dition, le concours des petits ensembles de cuivres (de 3 \u00e0 8 musiciens) a vu le trio Doliflo des fr\u00e8res Dominique, Olivier et Florian Robyr de Montana \u2013 qui, dans l\u2019intervalle, s\u2019est transform\u00e9 en quatuor avec l\u2019arriv\u00e9e d\u2019Antoine Zeiter (qui est aussi un Robyr puisqu\u2019il est le fils de Dominique) et s\u2019appelle d\u00e9sormais DOFA Quartet \u2013 conserver son titre en interpr\u00e9tant un arrangement du 2<sup>e<\/sup>&nbsp;mouvement du \u00ab&nbsp;Quatuor \u00e0 cordes en fa majeur&nbsp;\u00bb de Maurice Ravel (88 points).<\/p>\n\n\n\n<p>Ils l\u2019emportent d\u2019un souffle sur les Lady\u2019s\u00e9rables (Emilie Vouillamoz, L\u00e9a Crettenand, M\u00e9gane Zarrillo, Rachel Pellissier et Charl\u00e8ne Crettenand, 87) et The Red Band d\u2019Ayent (Serge Morard, Marie Rey, Eug\u00e9nie Fardel, Baptiste Cotter, Mathieu Riand, Cl\u00e9mence Morard Jonathan Moullet et Pascal Riand, 88).<\/p>\n\n\n\n<p><\/p>\n","protected":false},"excerpt":{"rendered":"<p>Oriane Br\u00fcckel n\u2019a pas trembl\u00e9 et a r\u00e9ussi le tripl\u00e9, devant deux barytons\u00a0: la Haut-Valaisanne Lea Fugnanesi, de Lo\u00e8che-les-Bains, et Antoine Zeiter, de St-Maurice, qui \u00e9tait aussi le plus jeune finaliste. En minime, L\u00e9a Boulnoix reprend son titre avec maestria. Victoires du Team Libreville en quatuors et du quartet DOFA en ensembles.<\/p>\n","protected":false},"author":1,"featured_media":4704,"comment_status":"closed","ping_status":"closed","sticky":false,"template":"","format":"standard","meta":{"footnotes":""},"categories":[1],"tags":[],"class_list":["post-4703","post","type-post","status-publish","format-standard","has-post-thumbnail","hentry","category-uncategorized"],"_links":{"self":[{"href":"https:\/\/www.cvsjq.ch\/index.php\/wp-json\/wp\/v2\/posts\/4703","targetHints":{"allow":["GET"]}}],"collection":[{"href":"https:\/\/www.cvsjq.ch\/index.php\/wp-json\/wp\/v2\/posts"}],"about":[{"href":"https:\/\/www.cvsjq.ch\/index.php\/wp-json\/wp\/v2\/types\/post"}],"author":[{"embeddable":true,"href":"https:\/\/www.cvsjq.ch\/index.php\/wp-json\/wp\/v2\/users\/1"}],"replies":[{"embeddable":true,"href":"https:\/\/www.cvsjq.ch\/index.php\/wp-json\/wp\/v2\/comments?post=4703"}],"version-history":[{"count":2,"href":"https:\/\/www.cvsjq.ch\/index.php\/wp-json\/wp\/v2\/posts\/4703\/revisions"}],"predecessor-version":[{"id":4708,"href":"https:\/\/www.cvsjq.ch\/index.php\/wp-json\/wp\/v2\/posts\/4703\/revisions\/4708"}],"wp:featuredmedia":[{"embeddable":true,"href":"https:\/\/www.cvsjq.ch\/index.php\/wp-json\/wp\/v2\/media\/4704"}],"wp:attachment":[{"href":"https:\/\/www.cvsjq.ch\/index.php\/wp-json\/wp\/v2\/media?parent=4703"}],"wp:term":[{"taxonomy":"category","embeddable":true,"href":"https:\/\/www.cvsjq.ch\/index.php\/wp-json\/wp\/v2\/categories?post=4703"},{"taxonomy":"post_tag","embeddable":true,"href":"https:\/\/www.cvsjq.ch\/index.php\/wp-json\/wp\/v2\/tags?post=4703"}],"curies":[{"name":"wp","href":"https:\/\/api.w.org\/{rel}","templated":true}]}}